{"id":112370,"date":"2021-02-18T06:12:42","date_gmt":"2021-02-18T09:12:42","guid":{"rendered":"http:\/\/argentinamunicipal.com.ar\/argentina\/?p=112370"},"modified":"2021-02-18T06:12:42","modified_gmt":"2021-02-18T09:12:42","slug":"chile-los-docentes-se-oponen-al-plan-oficial-de-retomar-las-clases-presenciales-el-1-de-marzo","status":"publish","type":"post","link":"http:\/\/argentinamunicipal.com.ar\/argentina\/chile-los-docentes-se-oponen-al-plan-oficial-de-retomar-las-clases-presenciales-el-1-de-marzo\/","title":{"rendered":"Chile: Los docentes se oponen al plan oficial de retomar las clases presenciales el 1 de marzo"},"content":{"rendered":"<p>Sin la presencia del Colegio de Profesores, el ministro de Educaci\u00f3n, Ra\u00fal Figueroa, encabez\u00f3 una reuni\u00f3n en la que anunci\u00f3 que el inicio del a\u00f1o escolar tendr\u00e1 un formato mixto.<\/p>\n<p>El Colegio de Profesores de Chile ratific\u00f3 su rechazo a retomar las clases presenciales el 1 de marzo en este escenario de pandemia, luego de que el ministro de Econom\u00eda, Lucas Palacios, declarara que los docentes del pa\u00eds \u201cbuscan no trabajar\u201d.<\/p>\n<p>Sin la presencia del Colegio de Profesores, el ministro de Educaci\u00f3n, Ra\u00fal Figueroa, encabez\u00f3 una reuni\u00f3n hoy en la que anunci\u00f3 que el inicio del a\u00f1o escolar tendr\u00e1 un formato mixto, en un momento en que el pa\u00eds lleg\u00f3 a unos 784.000 casos confirmados de coronavirus y supera las 19.600 muertes relacionadas.<\/p>\n<p>Figueroa explic\u00f3 que el inicio del a\u00f1o escolar ser\u00e1 de \u201cuna manera fundamentalmente mixta, en la que la presencialidad debe ser un particular foco, pero debe combinarse con mecanismos de educaci\u00f3n a distancia, para poder dar cumplimiento a las exigencias sanitarias y poder entregarle a las familias la posibilidad de optar\u201d.<\/p>\n<p>Pese a la ausencia del Colegio de Profesores, Figueroa destac\u00f3 el\u00a0\u00abconsenso\u00bb\u00a0en varios de los puntos discutidos y aclar\u00f3 que el inicio presencial \u201cdepende de las condiciones sanitarias en que las respectivas comunas (barrios) se encuentren y de la forma en que cada establecimiento pueda llevar adelante\u201d el plan de funcionamiento presentado en esa misma reuni\u00f3n.<\/p>\n<p>Poco antes, el presidente del Colegio de Profesores, Carlos D\u00edaz, hab\u00eda explicado en di\u00e1logo con radio Cooperativa que la negativa del gremio a volver a clases presenciales contempla\u00a0\u00abvelar por la vida y la salud de los estudiantes\u00bb, debido a que apenas el lunes de esta semana comenz\u00f3 el proceso de vacunaci\u00f3n al personal docente con la primera dosis.<\/p>\n<p>Asimismo, D\u00edaz se dirigi\u00f3 al ministro de Educaci\u00f3n y le advirti\u00f3 que no puede decretar el inicio de clases.<\/p>\n<p>\u00abCree que por decreto va a lograr volver a clases presenciales, pero en realidad los temas se tienen que resolver dialogando\u00bb, asegur\u00f3.<\/p>\n<p>El 19 de noviembre pasado, el Ministerio de Educaci\u00f3n fij\u00f3 el 1 de marzo como fecha para el inicio de clases presenciales en el periodo 2021; sin embargo, con el acercamiento de la fecha y las pol\u00e9micas palabras del ministro de Econom\u00eda el debate explot\u00f3 en las \u00faltimas horas.<\/p>\n<p>El martes pasado, Palacios hab\u00eda dicho a T13 Radio que\u00a0\u00aben el caso de los profesores, llama la atenci\u00f3n que busquen por todas formas no trabajar, es un caso \u00fanico en el mundo y yo dir\u00eda que de estudio\u00bb.<\/p>\n<p>Sus palabras generaron un rechazo inmediato y el ministro tuvo que aclarar horas despu\u00e9s en Twitter que no se refer\u00eda a todos los docentes.<\/p>\n<p>\u201cJam\u00e1s pretend\u00ed hablar de todos los docentes, sino que responder al presidente del Colegio de Profesores, para que en vez de poner m\u00e1s trabas, pase a las soluciones y propuestas, pensando en los estudiantes y en disminuir las desigualdades educativas\u201d, escribi\u00f3.<\/p>\n<p>Desde las municipalidades, la mirada es cr\u00edtica con ambas posturas ya que, por un lado, aunque consideran que el 1 de marzo es una fecha demasiado pr\u00f3xima para retornar a clases presenciales, consideran que el Colegio de Profesores est\u00e1 usando la negativa de volver como bandera pol\u00edtica.<\/p>\n<p>\u00abTienen una posici\u00f3n de no regreso a clases a como d\u00e9 lugar, es como una bandera de lucha y eso no es bueno tampoco para nuestros alumnos y padres\u00bb, dijo a radio Cooperativa el presidente de la Asociaci\u00f3n de Municipalidades de Chile (Amuch), Mario Olavarr\u00eda.<\/p>\n<p>El dirigente manifest\u00f3 que \u201cexiste un consenso entre alcaldes de que el 1 de marzo es una fecha muy encima para iniciar clases presenciales porque a los docentes se les est\u00e1 aplicando la primera dosis\u201d.<\/p>\n<p>Por eso, adelant\u00f3 que junto a sus pares de la Amuch recomendar\u00e1n el 15 de abril como fecha para el retorno presencial.<\/p>\n<p>El Ministerio de Salud de Chile inform\u00f3 hoy que la cantidad de contagios totales por coronavirus aument\u00f3 a 784.314, con 2.330 nuevos casos reportados, al tiempo que registraron 15 nuevas muertes por la enfermedad y acumulan 19.659 decesos.<\/p>\n<h6>Fuente: Telam<\/h6>\n","protected":false},"excerpt":{"rendered":"<p>Sin la presencia del Colegio de Profesores, el ministro de Educaci\u00f3n, Ra\u00fal Figueroa, encabez\u00f3 una reuni\u00f3n en la que anunci\u00f3 que el inicio del a\u00f1o escolar tendr\u00e1 un formato mixto.<\/p>\n","protected":false},"author":2,"featured_media":112371,"comment_status":"closed","ping_status":"closed","sticky":false,"template":"","format":"standard","meta":{"footnotes":""},"categories":[22],"tags":[57],"class_list":["post-112370","post","type-post","status-publish","format-standard","has-post-thumbnail","hentry","category-el-mundo","tag-el-mundo"],"_links":{"self":[{"href":"http:\/\/argentinamunicipal.com.ar\/argentina\/wp-json\/wp\/v2\/posts\/112370","targetHints":{"allow":["GET"]}}],"collection":[{"href":"http:\/\/argentinamunicipal.com.ar\/argentina\/wp-json\/wp\/v2\/posts"}],"about":[{"href":"http:\/\/argentinamunicipal.com.ar\/argentina\/wp-json\/wp\/v2\/types\/post"}],"author":[{"embeddable":true,"href":"http:\/\/argentinamunicipal.com.ar\/argentina\/wp-json\/wp\/v2\/users\/2"}],"replies":[{"embeddable":true,"href":"http:\/\/argentinamunicipal.com.ar\/argentina\/wp-json\/wp\/v2\/comments?post=112370"}],"version-history":[{"count":0,"href":"http:\/\/argentinamunicipal.com.ar\/argentina\/wp-json\/wp\/v2\/posts\/112370\/revisions"}],"wp:featuredmedia":[{"embeddable":true,"href":"http:\/\/argentinamunicipal.com.ar\/argentina\/wp-json\/wp\/v2\/media\/112371"}],"wp:attachment":[{"href":"http:\/\/argentinamunicipal.com.ar\/argentina\/wp-json\/wp\/v2\/media?parent=112370"}],"wp:term":[{"taxonomy":"category","embeddable":true,"href":"http:\/\/argentinamunicipal.com.ar\/argentina\/wp-json\/wp\/v2\/categories?post=112370"},{"taxonomy":"post_tag","embeddable":true,"href":"http:\/\/argentinamunicipal.com.ar\/argentina\/wp-json\/wp\/v2\/tags?post=112370"}],"curies":[{"name":"wp","href":"https:\/\/api.w.org\/{rel}","templated":true}]}}