{"id":112376,"date":"2021-02-18T06:20:48","date_gmt":"2021-02-18T09:20:48","guid":{"rendered":"http:\/\/argentinamunicipal.com.ar\/argentina\/?p=112376"},"modified":"2021-02-18T06:20:48","modified_gmt":"2021-02-18T09:20:48","slug":"fernando-gray-con-la-federacion-de-sindicatos-municipales-bonaerenses","status":"publish","type":"post","link":"http:\/\/argentinamunicipal.com.ar\/argentina\/fernando-gray-con-la-federacion-de-sindicatos-municipales-bonaerenses\/","title":{"rendered":"Fernando Gray, con la Federaci\u00f3n de Sindicatos Municipales bonaerenses"},"content":{"rendered":"<p>El intendente de Esteban Echeverr\u00eda, Fernando Gray, concret\u00f3 hoy la firma del convenio colectivo de trabajo con el titular de la Federaci\u00f3n de Sindicatos Municipales bonaerenses, Rub\u00e9n \u201cCholo\u201d Garc\u00eda.<\/p>\n<p>Del encuentro participaron los secretarios generales de 27 gremios municipales: La Matanza; Lomas de Zamora; Quilmes; Avellaneda; San Miguel; Jos\u00e9 C. Paz; Malvinas Argentinas; Lan\u00fas; Merlo; San Isidro; General Rodr\u00edguez; Tigre; Tres de Febrero; Campana; San Vicente; Mor\u00f3n; Ensenada; Ituzaing\u00f3; Ca\u00f1uelas; La Plata; Pilar; Berazategui; Mercedes; Moreno; San Fernando; Brandsen\u00a0y Ezeiza.<\/p>\n<p>El convenio establece un nuevo r\u00e9gimen disciplinario, capacitaciones, y licencias, adem\u00e1s de modificaciones en la carrera administrativa y el escalaf\u00f3n de los trabajadores. Se trata de aspectos\u00a0importantes\u00a0que posibilitan un salto en la relaci\u00f3n laboral del personal municipal.<\/p>\n<p>\u00abEste acuerdo se da en reconocimiento a las tareas que desarrollan los empleados, fundamentalmente desde el inicio de la pandemia\u00bb, apunt\u00f3 Gray. El jefe comunal estim\u00f3 que \u00aba partir de este convenio, reconocemos el enorme esfuerzo de las y los trabajadores que durante la pandemia tambi\u00e9n estuvieron en la primera l\u00ednea y le pusieron el hombro a la situaci\u00f3n\u00bb.<\/p>\n<p>La firma se realiz\u00f3 en el Museo Hist\u00f3rico La Campana, ubicado en El Jag\u00fcel. Rub\u00e9n Garc\u00eda, titular de la Federaci\u00f3n Sindicatos Municipales Bonaerenses se\u00f1al\u00f3 que la firma del convenio \u00abes resultado de una tarea de di\u00e1logo y consenso permanente entre los trabajadores y el intendente Fernando Gray\u00bb.<\/p>\n<p>El dirigente gremial adelant\u00f3 que seguir\u00e1n peleando por la Ley Provincial 14.656 de Relaciones Laborales y Negociaci\u00f3n Colectiva de los Trabajadores Municipales de la Provincia de Buenos Aires y \u00abtambi\u00e9n pidiendo una mesa de di\u00e1logo nacional, para continuar conquistando derechos\u00bb.<\/p>\n<p>En el acto, tambi\u00e9n estuvieron presentes Ricardo Ju\u00e1rez, en representaci\u00f3n del Sindicato de Trabajadores Municipales de Esteban Echeverr\u00eda y la secretaria de la Organizaci\u00f3n, N\u00e9lida Haye.<\/p>\n<h6>Fuente: P\u00e1gina 12<\/h6>\n","protected":false},"excerpt":{"rendered":"<p>El intendente de Esteban Echeverr\u00eda, Fernando Gray, concret\u00f3 hoy la firma del convenio colectivo de trabajo con el titular de la Federaci\u00f3n de Sindicatos Municipales bonaerenses, Rub\u00e9n \u201cCholo\u201d Garc\u00eda.<\/p>\n","protected":false},"author":2,"featured_media":112377,"comment_status":"closed","ping_status":"closed","sticky":false,"template":"","format":"standard","meta":{"footnotes":""},"categories":[7],"tags":[12],"class_list":["post-112376","post","type-post","status-publish","format-standard","has-post-thumbnail","hentry","category-informe-sindical","tag-buenos-aires"],"_links":{"self":[{"href":"http:\/\/argentinamunicipal.com.ar\/argentina\/wp-json\/wp\/v2\/posts\/112376","targetHints":{"allow":["GET"]}}],"collection":[{"href":"http:\/\/argentinamunicipal.com.ar\/argentina\/wp-json\/wp\/v2\/posts"}],"about":[{"href":"http:\/\/argentinamunicipal.com.ar\/argentina\/wp-json\/wp\/v2\/types\/post"}],"author":[{"embeddable":true,"href":"http:\/\/argentinamunicipal.com.ar\/argentina\/wp-json\/wp\/v2\/users\/2"}],"replies":[{"embeddable":true,"href":"http:\/\/argentinamunicipal.com.ar\/argentina\/wp-json\/wp\/v2\/comments?post=112376"}],"version-history":[{"count":0,"href":"http:\/\/argentinamunicipal.com.ar\/argentina\/wp-json\/wp\/v2\/posts\/112376\/revisions"}],"wp:featuredmedia":[{"embeddable":true,"href":"http:\/\/argentinamunicipal.com.ar\/argentina\/wp-json\/wp\/v2\/media\/112377"}],"wp:attachment":[{"href":"http:\/\/argentinamunicipal.com.ar\/argentina\/wp-json\/wp\/v2\/media?parent=112376"}],"wp:term":[{"taxonomy":"category","embeddable":true,"href":"http:\/\/argentinamunicipal.com.ar\/argentina\/wp-json\/wp\/v2\/categories?post=112376"},{"taxonomy":"post_tag","embeddable":true,"href":"http:\/\/argentinamunicipal.com.ar\/argentina\/wp-json\/wp\/v2\/tags?post=112376"}],"curies":[{"name":"wp","href":"https:\/\/api.w.org\/{rel}","templated":true}]}}