{"id":112402,"date":"2021-02-19T05:13:56","date_gmt":"2021-02-19T08:13:56","guid":{"rendered":"http:\/\/argentinamunicipal.com.ar\/argentina\/?p=112402"},"modified":"2021-02-18T14:18:00","modified_gmt":"2021-02-18T17:18:00","slug":"el-pbi-de-la-union-europea-cayo-64-en-2020-y-se-perdieron-4-millones-de-empleos","status":"publish","type":"post","link":"http:\/\/argentinamunicipal.com.ar\/argentina\/el-pbi-de-la-union-europea-cayo-64-en-2020-y-se-perdieron-4-millones-de-empleos\/","title":{"rendered":"El PBI de la Uni\u00f3n Europea cay\u00f3 6,4% en 2020 y se perdieron 4 millones de empleos"},"content":{"rendered":"<p>La actividad econ\u00f3mica en el viejo continente se contrajo 0,4% en el cuarto trimestre, una d\u00e9cima menos de lo estimado inicialmente, y el desplome econ\u00f3mico se vio reflejado en la p\u00e9rdida de casi 4 millones de empleos.<\/p>\n<p>El Producto Bruto Interno (PBI) de la Uni\u00f3n Europea (UE) se contrajo 6,4% en 2020 y se perdieron cerca de 4 millones de empleos por el impacto de la pandemia de coronavirus, seg\u00fan la segunda estimaci\u00f3n de la oficina de estad\u00edstica Eurostat, difundida este martes.<\/p>\n<p>De acuerdo con los datos, la actividad econ\u00f3mica en la regi\u00f3n se contrajo 0,4% en el cuarto trimestre, una d\u00e9cima menos de lo estimado inicialmente, tras un repunte del 11,5% en el tercer trimestre.<\/p>\n<p>El desplome econ\u00f3mico se vio reflejado en la p\u00e9rdida de casi 4 millones de empleos, seg\u00fan los datos ajustados estacionalmente del cuarto trimestre, seg\u00fan Europa Press,<\/p>\n<p>Seg\u00fan Eurostat, la cifra de personas ocupadas en la UE en el cuarto trimestre de 2020 era de 205,6 millones, lo que represent\u00f3 un incremento de 515.000 personas con trabajo respecto del tercer trimestre.<\/p>\n<p>Sin embargo, fue una ca\u00edda de 3,52 millones en relaci\u00f3n con los tres primeros meses de 2020, cuando las medidas de contenci\u00f3n de la pandemia afectaron marzo, y de 3,92 millones respecto del cuarto trimestre de 2019.<\/p>\n<p>Los datos de la Eurozona tambi\u00e9n reflejaron una contracci\u00f3n, tanto del PBI como del n\u00famero de ocupados.<\/p>\n<p>El PIB de la zona del euro sufri\u00f3 una contracci\u00f3n del 0,6% en el \u00faltimo trimestre de 2020, despu\u00e9s de rebotar 12,4% entre julio y septiembre, lo que llev\u00f3 a la econom\u00eda de la regi\u00f3n a registrar una ca\u00edda del 6,8% en el conjunto de 2020, seg\u00fan Eurostat.<\/p>\n<p>Un total de 157,92 millones trabajaban en la zona euro en el cuarto trimestre, lo que implic\u00f3 un incremento trimestral de 539.000 ocupados en la regi\u00f3n.<\/p>\n<p>No obstante, y como en el caso del conjunto de la UE, la cifra indic\u00f3 una ca\u00edda del 2,62 millones en comparaci\u00f3n con el dato del primer trimestre, y de 3 millones respecto del nivel de ocupaci\u00f3n en el cuarto trimestre de 2019.<\/p>\n<p>En comparaci\u00f3n con el cuarto trimestre de 2019, el PBI de la zona euro registr\u00f3 una ca\u00edda del 5%, mientras que la econom\u00eda del conjunto de la UE se contrajo en un 4,8%.<\/p>\n<p>Los datos sobre empleo publicados por Eurostat indicaron que m\u00e1s de tres cuartas partes del empleo perdido en el conjunto de la UE, correspondieron a la zona euro.<\/p>\n<h6>Fuente: La Voz de San Justo<\/h6>\n","protected":false},"excerpt":{"rendered":"<p>La actividad econ\u00f3mica en el viejo continente se contrajo 0,4% en el cuarto trimestre, una d\u00e9cima menos de lo estimado inicialmente, y el desplome econ\u00f3mico se vio reflejado en la p\u00e9rdida de casi 4 millones de empleos.<\/p>\n","protected":false},"author":2,"featured_media":112403,"comment_status":"closed","ping_status":"closed","sticky":false,"template":"","format":"standard","meta":{"footnotes":""},"categories":[22],"tags":[57],"class_list":["post-112402","post","type-post","status-publish","format-standard","has-post-thumbnail","hentry","category-el-mundo","tag-el-mundo"],"_links":{"self":[{"href":"http:\/\/argentinamunicipal.com.ar\/argentina\/wp-json\/wp\/v2\/posts\/112402","targetHints":{"allow":["GET"]}}],"collection":[{"href":"http:\/\/argentinamunicipal.com.ar\/argentina\/wp-json\/wp\/v2\/posts"}],"about":[{"href":"http:\/\/argentinamunicipal.com.ar\/argentina\/wp-json\/wp\/v2\/types\/post"}],"author":[{"embeddable":true,"href":"http:\/\/argentinamunicipal.com.ar\/argentina\/wp-json\/wp\/v2\/users\/2"}],"replies":[{"embeddable":true,"href":"http:\/\/argentinamunicipal.com.ar\/argentina\/wp-json\/wp\/v2\/comments?post=112402"}],"version-history":[{"count":0,"href":"http:\/\/argentinamunicipal.com.ar\/argentina\/wp-json\/wp\/v2\/posts\/112402\/revisions"}],"wp:featuredmedia":[{"embeddable":true,"href":"http:\/\/argentinamunicipal.com.ar\/argentina\/wp-json\/wp\/v2\/media\/112403"}],"wp:attachment":[{"href":"http:\/\/argentinamunicipal.com.ar\/argentina\/wp-json\/wp\/v2\/media?parent=112402"}],"wp:term":[{"taxonomy":"category","embeddable":true,"href":"http:\/\/argentinamunicipal.com.ar\/argentina\/wp-json\/wp\/v2\/categories?post=112402"},{"taxonomy":"post_tag","embeddable":true,"href":"http:\/\/argentinamunicipal.com.ar\/argentina\/wp-json\/wp\/v2\/tags?post=112402"}],"curies":[{"name":"wp","href":"https:\/\/api.w.org\/{rel}","templated":true}]}}