{"id":112405,"date":"2021-02-19T05:18:39","date_gmt":"2021-02-19T08:18:39","guid":{"rendered":"http:\/\/argentinamunicipal.com.ar\/argentina\/?p=112405"},"modified":"2021-02-18T14:23:49","modified_gmt":"2021-02-18T17:23:49","slug":"bolivia-le-devolvio-un-millonario-credito-al-fmi-y-denuncio-imposiciones","status":"publish","type":"post","link":"http:\/\/argentinamunicipal.com.ar\/argentina\/bolivia-le-devolvio-un-millonario-credito-al-fmi-y-denuncio-imposiciones\/","title":{"rendered":"Bolivia le devolvi\u00f3 un millonario cr\u00e9dito al FMI y denunci\u00f3 imposiciones"},"content":{"rendered":"<p>Se trata de 351,5 millones de d\u00f3lares, de los cuales 327,2 millones de d\u00f3lares fueron acordados en abril de 2020 por la presidenta de facto Jeanine \u00c1\u00f1ez.<\/p>\n<p>Bolivia devolvi\u00f3 al Fondo Monetario Internacional (FMI) un millonario cr\u00e9dito contra\u00eddo en 2020 por el anterior Gobierno de facto para la lucha contra el coronavirus, anunci\u00f3 el Banco Central de Bolivia (BCB), que denunci\u00f3 imposiciones del organismo internacional.<\/p>\n<p>\u00abEl BCB como agente financiero del Gobierno, en defensa de la soberan\u00eda econ\u00f3mica del pa\u00eds y luego de realizar las gestiones administrativas necesarias ante el acreedor, efectu\u00f3 el pago total de 351,5 millones de d\u00f3lares estadounidenses\u00bb, se\u00f1al\u00f3 el \u00f3rgano emisor.<\/p>\n<p>Los 351,5 millones de d\u00f3lares corresponden a los 327,2 millones de d\u00f3lares acordados en abril de 2020 por la derechista presidenta de facto Jeanine \u00c1\u00f1ez, adem\u00e1s de otros 24,3 millones de d\u00f3lares, por concepto de variaci\u00f3n cambiaria e intereses y comisiones.<\/p>\n<p>El BCB explic\u00f3 anoche que \u00abrealiz\u00f3 la devoluci\u00f3n\u00bb por varias razones, como que el mismo era \u00aboneroso\u00bb y fue \u00abgestionado irregularmente\u00bb por el Gobierno de facto de \u00c1\u00f1ez, quien sustituy\u00f3 en noviembre de 2019 al exmandatario Evo Morales, en medio de una revuelta.<\/p>\n<p>La entidad bancaria boliviana tambi\u00e9n acot\u00f3 en su comunicado que hizo un an\u00e1lisis del cr\u00e9dito financiero y que determin\u00f3 que el FMI condicion\u00f3 su ayuda \u00aba una serie de imposiciones fiscales, financieras, cambiarias y monetarias\u00bb, sin dar m\u00e1s detalles.<\/p>\n<p>El BCB, que depende del poder Ejecutivo, tambi\u00e9n anunci\u00f3 que realizar\u00e1 acciones civiles y penales contra funcionarios gubernamentales que tengan responsabilidad en la gesti\u00f3n del apoyo financiero del FMI, inform\u00f3 la agencia de noticias AFP.<\/p>\n<p>Tras acordar el cr\u00e9dito en abril de 2020, las autoridades de facto remitieron al Parlamento una ley para su aprobaci\u00f3n, pero el Congreso, controlado por el partido de Morales, el Movimiento Al Socialismo (MAS), lo rechaz\u00f3.<\/p>\n<p>El MAS hab\u00eda arg\u00fcido entonces que no hab\u00eda sido enviada al Congreso la documentaci\u00f3n requerida.<\/p>\n<p>Morales se hab\u00eda distanciado del FMI durante sus 14 a\u00f1os de Gobierno (2006-2019) y rechazado cualquier cr\u00e9dito.<\/p>\n<p>El portavoz del FMI, Gerry Rice, se\u00f1al\u00f3 en junio pasado que el cr\u00e9dito para apoyar la balanza de pagos de Bolivia era \u00abtransparente\u00bb.<\/p>\n<h6>Fuente: Voy<\/h6>\n","protected":false},"excerpt":{"rendered":"<p>Se trata de\u00a0351,5 millones de d\u00f3lares, de los cuales 327,2 millones de d\u00f3lares fueron acordados en abril de 2020 por la presidenta de facto Jeanine \u00c1\u00f1ez.<\/p>\n","protected":false},"author":2,"featured_media":112406,"comment_status":"closed","ping_status":"closed","sticky":false,"template":"","format":"standard","meta":{"footnotes":""},"categories":[22],"tags":[57],"class_list":["post-112405","post","type-post","status-publish","format-standard","has-post-thumbnail","hentry","category-el-mundo","tag-el-mundo"],"_links":{"self":[{"href":"http:\/\/argentinamunicipal.com.ar\/argentina\/wp-json\/wp\/v2\/posts\/112405","targetHints":{"allow":["GET"]}}],"collection":[{"href":"http:\/\/argentinamunicipal.com.ar\/argentina\/wp-json\/wp\/v2\/posts"}],"about":[{"href":"http:\/\/argentinamunicipal.com.ar\/argentina\/wp-json\/wp\/v2\/types\/post"}],"author":[{"embeddable":true,"href":"http:\/\/argentinamunicipal.com.ar\/argentina\/wp-json\/wp\/v2\/users\/2"}],"replies":[{"embeddable":true,"href":"http:\/\/argentinamunicipal.com.ar\/argentina\/wp-json\/wp\/v2\/comments?post=112405"}],"version-history":[{"count":0,"href":"http:\/\/argentinamunicipal.com.ar\/argentina\/wp-json\/wp\/v2\/posts\/112405\/revisions"}],"wp:featuredmedia":[{"embeddable":true,"href":"http:\/\/argentinamunicipal.com.ar\/argentina\/wp-json\/wp\/v2\/media\/112406"}],"wp:attachment":[{"href":"http:\/\/argentinamunicipal.com.ar\/argentina\/wp-json\/wp\/v2\/media?parent=112405"}],"wp:term":[{"taxonomy":"category","embeddable":true,"href":"http:\/\/argentinamunicipal.com.ar\/argentina\/wp-json\/wp\/v2\/categories?post=112405"},{"taxonomy":"post_tag","embeddable":true,"href":"http:\/\/argentinamunicipal.com.ar\/argentina\/wp-json\/wp\/v2\/tags?post=112405"}],"curies":[{"name":"wp","href":"https:\/\/api.w.org\/{rel}","templated":true}]}}