{"id":112411,"date":"2021-02-18T14:41:07","date_gmt":"2021-02-18T17:41:07","guid":{"rendered":"http:\/\/argentinamunicipal.com.ar\/argentina\/?p=112411"},"modified":"2021-02-18T14:41:07","modified_gmt":"2021-02-18T17:41:07","slug":"comienza-la-36a-edicion-de-la-fiesta-nacional-de-la-artesania-de-colon","status":"publish","type":"post","link":"http:\/\/argentinamunicipal.com.ar\/argentina\/comienza-la-36a-edicion-de-la-fiesta-nacional-de-la-artesania-de-colon\/","title":{"rendered":"Comienza la 36\u00aa edici\u00f3n de la Fiesta Nacional de la Artesan\u00eda de Col\u00f3n"},"content":{"rendered":"<p>Un programa de televisi\u00f3n se emitir\u00e1 en vivo desde las 20. Tambi\u00e9n habr\u00e1 una mini feria artesanal y dos puntos al aire libre para ver el programa en pantalla gigante.<\/p>\n<p>A partir del jueves 18 y hasta el domingo 21, se realizar\u00e1 una nueva edici\u00f3n de la Fiesta Nacional de la Artesan\u00eda de Col\u00f3n, Entre R\u00edos. Esta vez y por motivo de la pandemia, se apel\u00f3 a las nuevas tecnolog\u00edas para realizarla en formato virtual, la modalidad que implementaron las pocas fiestas a nivel nacional que no suspendieron su edici\u00f3n 2021. El oficio motivador de esta edici\u00f3n ser\u00e1 el Tejido Fino.<br \/>\nSer\u00e1 un programa de televisi\u00f3n, estilo magazine, que se emitir\u00e1 en vivo y en directo desde las 20, por diferentes plataformas y canales de televisi\u00f3n locales, provinciales y del resto del pa\u00eds. Este mi\u00e9rcoles 17 a las 10 de la ma\u00f1ana se brindar\u00e1n todos los detalles en una conferencia de prensa. Y la apertura est\u00e1 prevista para el jueves 18 a las 19,15 en el \u00abCamino del Artesano\u00bb en 12 de Abril y Quir\u00f3s.<\/p>\n<p>\u00bfD\u00f3nde podr\u00e1 verse?<br \/>\nEl punto de encuentro m\u00e1s importante ser\u00e1 la plataforma Fiestas Argentinas (www.fiestasargentinas.ar), perteneciente al Ministerio de Turismo de la Naci\u00f3n, en donde la Artesan\u00eda 2021 ser\u00e1 una de las solo siete fiestas del pa\u00eds que se transmitir\u00e1n en vivo por la plataforma nacional.<br \/>\nTambi\u00e9n otro lugar para ver el programa en vivo ser\u00e1 el renovado sitio web de la Fiesta:\u00a0www.fiestadelaartesania.tur.ar. All\u00ed, adem\u00e1s, hay historia, videos, fotos y hasta un cat\u00e1logo de m\u00e1s de cien artesanos a modo de exposici\u00f3n virtual de sus mejores obras. Luego, tambi\u00e9n se podr\u00e1 ver desde la Fan Page de Facebook y el Canal de Youtube de la Fiesta y, obviamente, por los canales de TV locales.<br \/>\nEl programa contar\u00e1 con segmentos de gastronom\u00eda, historia, turismo, m\u00fasica en vivo, m\u00f3viles en vivo desde la ciudad, entrevistas y mucho m\u00e1s.<\/p>\n<p>Camino del Artesano y los Punto Artesan\u00eda<br \/>\nLos atractivos presenciales ser\u00e1n m\u00ednimos, pero la organizaci\u00f3n no quer\u00eda dejar de tener la oportunidad de poder apreciar presencialmente a, por lo menos, algunos de los mejores artesanos de la regi\u00f3n y otras provincias que nos visitar\u00e1n. Por este motivo, se realizar\u00e1 el \u00abCamino del Artesano\u00bb, una mini feria de 20 artesanos que expondr\u00e1n sus mejores piezas sobre stands dispuestos sobre Av. Quir\u00f3s, entre Moreno y 12 de Abril. Esta mini feria se realizar\u00e1 el jueves 18 y viernes 19 de 19 a 24 y tambi\u00e9n s\u00e1bado 20 y domingo 21 de 9 a 12 y de 19 a 24.<br \/>\nTambi\u00e9n estar\u00e1n los \u00abPunto Artesan\u00eda\u00bb, dos espacios ubicados en el Bajo Parque y la explanada del Puerto, donde se podr\u00e1 ver el programa en vivo y en directo en pantallas gigantes y con sonido de alta definici\u00f3n. Espacios adecuados para llevar las reposeras, conservadora y vivir el programa al aire libre en familia o con amigos. Tambi\u00e9n se contar\u00e1 con gastronom\u00eda en estos lugares.<\/p>\n<p>M\u00fasica en vivo<br \/>\nComo no puede faltar en ninguna Fiesta, la m\u00fasica en vivo se har\u00e1 presente desde el estudio. Destacados artistas locales realizar\u00e1n mini recitales en esta nueva experiencia desde lo virtual. Adem\u00e1s, al final de cada programa, reviviremos parte de los recitales de artistas nacionales que visitaron nuestra fiesta en la pasada edici\u00f3n.<\/p>\n<h6>Fuente: sanjoseweb.com.ar<\/h6>\n","protected":false},"excerpt":{"rendered":"<p>Un programa de televisi\u00f3n se emitir\u00e1 en vivo desde las 20. Tambi\u00e9n habr\u00e1 una mini feria artesanal y dos puntos al aire libre para ver el programa en pantalla gigante.<\/p>\n","protected":false},"author":2,"featured_media":112412,"comment_status":"closed","ping_status":"closed","sticky":false,"template":"","format":"standard","meta":{"footnotes":""},"categories":[47],"tags":[17],"class_list":["post-112411","post","type-post","status-publish","format-standard","has-post-thumbnail","hentry","category-fiestas","tag-entre-rios"],"_links":{"self":[{"href":"http:\/\/argentinamunicipal.com.ar\/argentina\/wp-json\/wp\/v2\/posts\/112411","targetHints":{"allow":["GET"]}}],"collection":[{"href":"http:\/\/argentinamunicipal.com.ar\/argentina\/wp-json\/wp\/v2\/posts"}],"about":[{"href":"http:\/\/argentinamunicipal.com.ar\/argentina\/wp-json\/wp\/v2\/types\/post"}],"author":[{"embeddable":true,"href":"http:\/\/argentinamunicipal.com.ar\/argentina\/wp-json\/wp\/v2\/users\/2"}],"replies":[{"embeddable":true,"href":"http:\/\/argentinamunicipal.com.ar\/argentina\/wp-json\/wp\/v2\/comments?post=112411"}],"version-history":[{"count":0,"href":"http:\/\/argentinamunicipal.com.ar\/argentina\/wp-json\/wp\/v2\/posts\/112411\/revisions"}],"wp:featuredmedia":[{"embeddable":true,"href":"http:\/\/argentinamunicipal.com.ar\/argentina\/wp-json\/wp\/v2\/media\/112412"}],"wp:attachment":[{"href":"http:\/\/argentinamunicipal.com.ar\/argentina\/wp-json\/wp\/v2\/media?parent=112411"}],"wp:term":[{"taxonomy":"category","embeddable":true,"href":"http:\/\/argentinamunicipal.com.ar\/argentina\/wp-json\/wp\/v2\/categories?post=112411"},{"taxonomy":"post_tag","embeddable":true,"href":"http:\/\/argentinamunicipal.com.ar\/argentina\/wp-json\/wp\/v2\/tags?post=112411"}],"curies":[{"name":"wp","href":"https:\/\/api.w.org\/{rel}","templated":true}]}}