{"id":112486,"date":"2021-02-23T07:22:23","date_gmt":"2021-02-23T10:22:23","guid":{"rendered":"http:\/\/argentinamunicipal.com.ar\/argentina\/?p=112486"},"modified":"2021-02-23T07:22:23","modified_gmt":"2021-02-23T10:22:23","slug":"santa-fe-senadores-justicialistas-del-nes-se-reunieron-con-festram","status":"publish","type":"post","link":"http:\/\/argentinamunicipal.com.ar\/argentina\/santa-fe-senadores-justicialistas-del-nes-se-reunieron-con-festram\/","title":{"rendered":"Santa Fe: Senadores Justicialistas del NES se reunieron con FESTRAM"},"content":{"rendered":"<p>LA RESOLUCI\u00d3N DE LA FEDERACI\u00d3N ES REUNIR A LOS SINDICATOS CON LOS LEGISLADORES DE CADA REGI\u00d3N.<\/p>\n<p>Cabe destacar que ya se llevaron adelante reuniones con Diputados y Senadores en los Departamentos General L\u00f3pez, General Obligado, Rosario y San Justo. Se busca que el debate de la autonom\u00eda no se utilice como justificaci\u00f3n para destruir los derechos constitucionales de los trabajadores municipales y comunales adquiridos con a\u00f1os de lucha sindical y pol\u00edtica.<\/p>\n<p>En la C\u00e1mara de Senadores se desarroll\u00f3 este jueves 18 de febrero una reuni\u00f3n entre Senadores Justicialistas del NES y representantes de la Federaci\u00f3n de Sindicatos de Trabajadores Municipales de la Provincia de Santa Fe \u2013 FESTRAM \u2013 para analizar la iniciativa que, a trav\u00e9s de los medios de comunicaci\u00f3n, instala una posible reforma que establezca la autonom\u00eda municipal, sin argumentos s\u00f3lidos y contenidos concretos, excepto el intento inicial de desmantelar la negociaci\u00f3n colectiva de los trabajadores municipales.<\/p>\n<p>Los Legisladores se comprometieron a constituir una \u201cMesa T\u00e9cnico Pol\u00edtica\u201d para debatir y proponer mejoras al r\u00e9gimen municipal santafesino, y coincidieron en que este proyecto elaborado por el Gobierno Provincial no contiene suficiente informaci\u00f3n como para avanzar en la discusi\u00f3n sobre la autonom\u00eda municipal ya que es un tema demasiado importante para que los aborde un solo sector.<\/p>\n<p>\u201cDebe conformarse una mesa amplia para debatir correctamente el destino del r\u00e9gimen municipal, con todos los involucrados y respetando los derechos consagrados por normas vigentes. Cualquier modificaci\u00f3n al r\u00e9gimen municipal debe garantizar una mejor distribuci\u00f3n de los recursos coparticipables y fundamentalmente el derecho de los trabajadores a discutir salarios en paritarias\u201d, expresaron los Senadores.<\/p>\n<p>Esta convocatoria fue posible por el trabajo coordinado desde las Regionales que integran FESTRAM en todo el territorio provincial con Legisladores y\u00a0\u00a0Autoridades Locales, luego de una resoluci\u00f3n adoptada en un Plenario de Secretarios Generales \u2013 en defensa del Estatuto y Escalaf\u00f3n para el Personal Municipal Ley 9.286, la Comisi\u00f3n Paritaria Municipal Ley 9.996, as\u00ed como las Leyes Org\u00e1nicas de Municipios y Comunas (Leyes 2.756 y 2.439) \u2013 como consecuencia del exhorto que le hiciera la Corte Suprema de Justicia de la Naci\u00f3n al Gobierno de esta Provincia para que \u201cadec\u00fae\u201d la Constituci\u00f3n de Santa Fe y la Legislaci\u00f3n Municipal a la Constituci\u00f3n Nacional y as\u00ed desmembrar, entre otras cosas, la Negociaci\u00f3n Colectiva.<\/p>\n<p>Al finalizar el encuentro en la C\u00e1mara de Senadores, FESTRAM entreg\u00f3 un cuadernillo denominado\u00a0\u00abConvocatoria para un Acuerdo Social Responsable, construcci\u00f3n conjunta entre los Estados locales y sus trabajadores 2019\/2023\u00ab, material elaborado y expuesto en el encuentro desarrollado con Intendentes, Presidentes Comunales y Autoridades de los 19 Departamentos que asumieran sus mandatos en diciembre de 2019 y que refleja la coherencia de la Pol\u00edtica Institucional Sindical de car\u00e1cter propositiva.<\/p>\n<p>Participaron de la reuni\u00f3n los Senadores Armando Traferri, Osvaldo Sosa, Jos\u00e9 Baucero, Ra\u00fal Gramajo, Guillermo Cornaglia y Rub\u00e9n Pirola y los representantes de FESTRAM Claudio Leoni, Ignacio Monz\u00f3n, Antonio Ratner, Andrea Paz, Dar\u00edo Cocco, Mauricio Herzog, Mar\u00eda Jos\u00e9 Barrios, V\u00edctor Gi\u00fadice y Horacio Chiappero.<\/p>\n<h6>PRENSA FESTRAM<\/h6>\n","protected":false},"excerpt":{"rendered":"<p>LA RESOLUCI\u00d3N DE LA FEDERACI\u00d3N ES REUNIR A LOS SINDICATOS CON LOS LEGISLADORES DE CADA REGI\u00d3N.<\/p>\n","protected":false},"author":2,"featured_media":112487,"comment_status":"closed","ping_status":"closed","sticky":false,"template":"","format":"standard","meta":{"footnotes":""},"categories":[4],"tags":[10],"class_list":["post-112486","post","type-post","status-publish","format-standard","has-post-thumbnail","hentry","category-informe-politico","tag-santa-fe"],"_links":{"self":[{"href":"http:\/\/argentinamunicipal.com.ar\/argentina\/wp-json\/wp\/v2\/posts\/112486","targetHints":{"allow":["GET"]}}],"collection":[{"href":"http:\/\/argentinamunicipal.com.ar\/argentina\/wp-json\/wp\/v2\/posts"}],"about":[{"href":"http:\/\/argentinamunicipal.com.ar\/argentina\/wp-json\/wp\/v2\/types\/post"}],"author":[{"embeddable":true,"href":"http:\/\/argentinamunicipal.com.ar\/argentina\/wp-json\/wp\/v2\/users\/2"}],"replies":[{"embeddable":true,"href":"http:\/\/argentinamunicipal.com.ar\/argentina\/wp-json\/wp\/v2\/comments?post=112486"}],"version-history":[{"count":0,"href":"http:\/\/argentinamunicipal.com.ar\/argentina\/wp-json\/wp\/v2\/posts\/112486\/revisions"}],"wp:featuredmedia":[{"embeddable":true,"href":"http:\/\/argentinamunicipal.com.ar\/argentina\/wp-json\/wp\/v2\/media\/112487"}],"wp:attachment":[{"href":"http:\/\/argentinamunicipal.com.ar\/argentina\/wp-json\/wp\/v2\/media?parent=112486"}],"wp:term":[{"taxonomy":"category","embeddable":true,"href":"http:\/\/argentinamunicipal.com.ar\/argentina\/wp-json\/wp\/v2\/categories?post=112486"},{"taxonomy":"post_tag","embeddable":true,"href":"http:\/\/argentinamunicipal.com.ar\/argentina\/wp-json\/wp\/v2\/tags?post=112486"}],"curies":[{"name":"wp","href":"https:\/\/api.w.org\/{rel}","templated":true}]}}