{"id":112502,"date":"2021-02-23T05:42:53","date_gmt":"2021-02-23T08:42:53","guid":{"rendered":"http:\/\/argentinamunicipal.com.ar\/argentina\/?p=112502"},"modified":"2021-02-23T07:46:47","modified_gmt":"2021-02-23T10:46:47","slug":"la-eleccion-no-casual-de-las-mesas-de-precios","status":"publish","type":"post","link":"http:\/\/argentinamunicipal.com.ar\/argentina\/la-eleccion-no-casual-de-las-mesas-de-precios\/","title":{"rendered":"La elecci\u00f3n no casual de las mesas de precios"},"content":{"rendered":"<p>En el Gobierno avanzar\u00e1n en la clarificaci\u00f3n de costos de tres sectores que se dinamizan, pero con desbordes inflacionarios. Entre la especulaci\u00f3n y la realidad.<\/p>\n<p>El Gobierno avanzar\u00e1 esta semana en la\u00a0apertura de las estructuras de costos de tres sectores din\u00e1micos\u00a0que tuvieron o tienen valores por encima de la inflaci\u00f3n. En el marco de las mesas de precios y salarios, que se concretar\u00edan entre mi\u00e9rcoles y jueves, los ministros se reunir\u00e1n con los rubros de alimentos, construcci\u00f3n y electrodom\u00e9sticos. Las tres primeras mesas que, seg\u00fan fuentes oficiales, no fueron seleccionadas por casualidad, sino por detalles urgentes que se observan en cada una de ellas.<\/p>\n<p>\u201cHay un poco de todo\u201d, dijo a P\u00e1gina I12 una fuente del sector de la construcci\u00f3n. Seg\u00fan la informaci\u00f3n que tienen en el Gobierno, la construcci\u00f3n sigue teniendo alzas que, adem\u00e1s de justificadas en mayores costos, est\u00e1n relacionadas con la especulaci\u00f3n. En lo formal, los n\u00fameros confirman alzas desmedidas: el INDEC inform\u00f3 la semana pasada que el Costo de la Construcci\u00f3n subi\u00f3 3,1 por ciento en enero, con un alza de los materiales para obra con un incremento cercano al 6 por ciento, cuando la inflaci\u00f3n general fue del 4.<\/p>\n<p>En diciembre, la actividad de la construcci\u00f3n subi\u00f3 27,4 por ciento interanual y es uno de los tantos sectores que est\u00e1n con n\u00fameros superiores a los del 2019, a\u00f1o sin pandemia y la mayor alza desde noviembre del 2017. Para el Gobierno, cada vez que la actividad de los ladrillos crece, es acompa\u00f1ada por subas fuertes de precios, casi como en ning\u00fan otro sector. En la actividad no esconden que pueda haber especulaci\u00f3n y se disponen a discutir ese tema en la mesa de precios y salarios. Hay antecedentes frescos de esta situaci\u00f3n: a fines del 2020, la secretar\u00eda de Comercio Interior investig\u00f3 y sancion\u00f3 a corralones, sobre todo de la provincia de Buenos Aires, que ten\u00edan valores injustificados y hasta acopio.<\/p>\n<p><strong>Alimentos<\/strong><br \/>\nEn enero, el \u00cdndice de Precios al Consumidor del INDEC reflej\u00f3 una inflaci\u00f3n de 4 por ciento. Pero Alimentos y Bebidas tuvieron un alza de 4,8 por ciento y Bebidas Alcoh\u00f3licas un 4,5 por ciento. Ese ritmo de alza por sobre la media viene d\u00e1ndose, seg\u00fan el Gobierno, desde mediados del a\u00f1o pasado. En el sector, que estar\u00e1 representado por la Coordinadora de Productores de Alimentos (Copal), tienen preparada una carpeta con justificaciones varias: la primera, que la inflaci\u00f3n de alimentos tiene que ver con los productos frescos (carnes y verduras) y que la de g\u00f3ndola est\u00e1 en l\u00ednea con la inflaci\u00f3n.<\/p>\n<p>Pero la lectura no es tan lineal. En el Gobierno observan esta mesa como la que tiene que ver con una discusi\u00f3n m\u00e1s integral y \u00e1spera. El Ejecutivo marc\u00f3 la cancha hace unos d\u00edas con la imputaci\u00f3n a fabricantes por presunto desabastecimiento. En ese esquema, est\u00e1 la intenci\u00f3n oculta de articular medios para gambetear el congelamiento de Precios M\u00e1ximos. Por eso, la de alimentos ser\u00e1, de las tres, la mesa m\u00e1s caliente y m\u00e1s urgente para ordenar el frente. En el Gobierno no se ponen plazos, pero afirman que \u201cresolver la din\u00e1mica de subas de canasta b\u00e1sica es una cuesti\u00f3n central\u201d.<\/p>\n<p><strong>Electrodom\u00e9sticos<\/strong><br \/>\nPareci\u00f3 inicialmente una sorpresa que el Gobierno sumara a los electrodom\u00e9sticos a la primera tanda de an\u00e1lisis de costos. Pero seg\u00fan fuentes oficiales,\u00a0en mayo, junio y julio del 2020 hubo alzas en el rubro muy por encima de la inflaci\u00f3n. Luego, con el correr de la pandemia, aminoraron hasta alinearse. Pero esas alzas se dieron justo en el momento en el que el consumidor, obligado a trabajar desde su hogar, decidi\u00f3 equiparse con productos de electro.<\/p>\n<p>En esa mesa estar\u00e1n los referentes de la c\u00e1mara de fabricantes de Tierra del Fuego, AFARTE, un sector que viene con una perspectiva interesante de ventas. En el Gobierno miran esos datos y quieren evitar un nuevo rebote de precios en l\u00ednea con mayores ventas. Este diario accedi\u00f3 a algunos datos sectoriales que muestran, por caso, que en septiembre del 2020 la producci\u00f3n de celulares empez\u00f3 un alza en la producci\u00f3n general del 39 por ciento interanual. En el caso de los televisores, el alza interanual en la producci\u00f3n fue casi de 8 puntos. Estos n\u00fameros se ver\u00e1n reflejados en ventas crecientes, impulsadas por las cuotas y per\u00edodo de gracia del Ahora 12.<\/p>\n<p>Tambi\u00e9n se discutir\u00e1 en esas mesas el tema de las importaciones, las empresas afirman que buena parte del alza en los precios fue por no tener suficiente producci\u00f3n propia ante la mayor demanda, y tambi\u00e9n que hubo faltantes porque el Gobierno no permiti\u00f3 la importaci\u00f3n de producto terminado. El Gobierno pedir\u00e1, adem\u00e1s, incrementar los vol\u00famenes de producci\u00f3n de computadoras, ante la comprobaci\u00f3n de un mercado con poca oferta.<\/p>\n<h6>Fuente: P\u00e1gina 12<\/h6>\n","protected":false},"excerpt":{"rendered":"<p>En el Gobierno avanzar\u00e1n en la clarificaci\u00f3n de costos de tres sectores que se dinamizan, pero con desbordes inflacionarios. Entre la especulaci\u00f3n y la realidad.\u00a0<\/p>\n","protected":false},"author":2,"featured_media":112503,"comment_status":"closed","ping_status":"closed","sticky":false,"template":"","format":"standard","meta":{"footnotes":""},"categories":[8],"tags":[21],"class_list":["post-112502","post","type-post","status-publish","format-standard","has-post-thumbnail","hentry","category-informe-nacional","tag-argentina"],"_links":{"self":[{"href":"http:\/\/argentinamunicipal.com.ar\/argentina\/wp-json\/wp\/v2\/posts\/112502","targetHints":{"allow":["GET"]}}],"collection":[{"href":"http:\/\/argentinamunicipal.com.ar\/argentina\/wp-json\/wp\/v2\/posts"}],"about":[{"href":"http:\/\/argentinamunicipal.com.ar\/argentina\/wp-json\/wp\/v2\/types\/post"}],"author":[{"embeddable":true,"href":"http:\/\/argentinamunicipal.com.ar\/argentina\/wp-json\/wp\/v2\/users\/2"}],"replies":[{"embeddable":true,"href":"http:\/\/argentinamunicipal.com.ar\/argentina\/wp-json\/wp\/v2\/comments?post=112502"}],"version-history":[{"count":0,"href":"http:\/\/argentinamunicipal.com.ar\/argentina\/wp-json\/wp\/v2\/posts\/112502\/revisions"}],"wp:featuredmedia":[{"embeddable":true,"href":"http:\/\/argentinamunicipal.com.ar\/argentina\/wp-json\/wp\/v2\/media\/112503"}],"wp:attachment":[{"href":"http:\/\/argentinamunicipal.com.ar\/argentina\/wp-json\/wp\/v2\/media?parent=112502"}],"wp:term":[{"taxonomy":"category","embeddable":true,"href":"http:\/\/argentinamunicipal.com.ar\/argentina\/wp-json\/wp\/v2\/categories?post=112502"},{"taxonomy":"post_tag","embeddable":true,"href":"http:\/\/argentinamunicipal.com.ar\/argentina\/wp-json\/wp\/v2\/tags?post=112502"}],"curies":[{"name":"wp","href":"https:\/\/api.w.org\/{rel}","templated":true}]}}