{"id":112545,"date":"2021-02-23T20:11:48","date_gmt":"2021-02-23T23:11:48","guid":{"rendered":"http:\/\/argentinamunicipal.com.ar\/argentina\/?p=112545"},"modified":"2021-02-23T20:11:48","modified_gmt":"2021-02-23T23:11:48","slug":"presentaron-en-rosario-la-extension-de-billetera-santa-fe-en-compras-para-el-regreso-a-clases","status":"publish","type":"post","link":"http:\/\/argentinamunicipal.com.ar\/argentina\/presentaron-en-rosario-la-extension-de-billetera-santa-fe-en-compras-para-el-regreso-a-clases\/","title":{"rendered":"Presentaron en Rosario la extensi\u00f3n de Billetera Santa Fe en compras para el regreso a clases"},"content":{"rendered":"<p>Se reintegrar\u00e1 el 30% entre el 15 de febrero y el 15 de marzo, durante todos los d\u00edas, en librer\u00edas adheridas; y al mismo tiempo se ofrecer\u00e1 una canasta escolar a precio sugerido de 20 art\u00edculos a 2.490 pesos.<\/p>\n<p>El Gobierno de la provincia de Santa Fe, a trav\u00e9s de la Secretar\u00eda de Comercio Interior y Servicios del Ministerio de Producci\u00f3n, Ciencia y Tecnolog\u00eda, present\u00f3 este lunes en Rosario la extensi\u00f3n de los beneficios del programa Billetera Santa Fe para otorgar\u00a0promociones en las compras de art\u00edculos escolares\u00a0de cara al reinicio de clases en todo el territorio.<\/p>\n<p>La iniciativa, que fue presentada en una librer\u00eda local, comprende la extensi\u00f3n de los beneficios de la Billetera Santa Fe en comercios del rubro a todos los d\u00edas de la semana, lo que implica el reintegro del 30% entre el 15 de febrero y el 15 de marzo; y al mismo tiempo se ofrecer\u00e1 una canasta escolar a precio sugerido de 20 art\u00edculos a 2490 pesos en librer\u00edas adheridas.<\/p>\n<p>Durante la presentaci\u00f3n, el secretario de Comercio Interior y Servicios, Juan Marcos Aviano, destac\u00f3: \u201cLa Billetera Santa Fe para el rubro librer\u00edas y jugueter\u00edas al principio funcionaba lunes, martes y mi\u00e9rcoles; lo que hemos dispuesto desde la provincia es que hasta el 15 de marzo, todos los d\u00edas se aplique este 30 por ciento de reintegro aquellos que compren en las librer\u00edas adheridas al programa\u201d.<\/p>\n<p>Leer tambi\u00e9n:\u00a0Los principales detalles del programa Billetera Santa Fe<br \/>\n\u201cAl mismo tiempo, ponemos a disposici\u00f3n\u00a0esta canasta de 23 art\u00edculos a 2490 pesos, que acordamos con algunas librer\u00edas y ronda un 20% por debajo del costo promedio que detectamos en base a relevamientos que realizaron los inspectores de nuestra Secretar\u00eda en librer\u00edas de las ciudades de Santa Fe y Rosario\u201d, asegur\u00f3 el funcionario.<\/p>\n<p>La canasta que se pondr\u00e1 a disposici\u00f3n incluye: L\u00e1pices de color por 12 unidades, bol\u00edgrafo, l\u00e1pices de grafito, Voligoma, mapas Rivadavia N\u00ba 3, bol\u00edgrafo Bic surtido, crayones, kit escolar 3 pinceles, t\u00e9mpera por 12 unidades, cuaderno tapa flexible por 42, cuaderno tapa dura ara\u00f1a por 42, repuesto rayado &#8211; cuadriculado por 400 hojas, repuesto hojas N\u00ba 3 rayado &#8211; cuadriculado por 288, papel glac\u00e9 lustre x 10 hojas, papel glac\u00e9 metalizado por 10 hojas, goma tinta-l\u00e1piz, tijera, marcadores escolares, carpeta escolar, l\u00e1piz corrector punta met\u00e1lica, sacapuntas, mochila lisa escolar, cartuchera y cuadernillo.<\/p>\n<p>Del acto, realizado en la Librer\u00eda Lader, participaron tambi\u00e9n el titular del comercio, Fernando Berazategui, y el presidente de la Asociaci\u00f3n Empresaria de Rosario, Ricardo Diab; el gerente general y el l\u00edder de agencias de Plus Pago, Alberto Murad y Fernando Deangelis, respectivamente.<\/p>\n<h6>Fuente: sin Mordaza<\/h6>\n","protected":false},"excerpt":{"rendered":"<p>Se reintegrar\u00e1 el 30% entre el 15 de febrero y el 15 de marzo, durante todos los d\u00edas, en librer\u00edas adheridas; y al mismo tiempo se ofrecer\u00e1 una canasta escolar a precio sugerido de 20 art\u00edculos a 2.490 pesos.<\/p>\n","protected":false},"author":2,"featured_media":112546,"comment_status":"closed","ping_status":"closed","sticky":false,"template":"","format":"standard","meta":{"footnotes":""},"categories":[5],"tags":[10],"class_list":["post-112545","post","type-post","status-publish","format-standard","has-post-thumbnail","hentry","category-informe-economico","tag-santa-fe"],"_links":{"self":[{"href":"http:\/\/argentinamunicipal.com.ar\/argentina\/wp-json\/wp\/v2\/posts\/112545","targetHints":{"allow":["GET"]}}],"collection":[{"href":"http:\/\/argentinamunicipal.com.ar\/argentina\/wp-json\/wp\/v2\/posts"}],"about":[{"href":"http:\/\/argentinamunicipal.com.ar\/argentina\/wp-json\/wp\/v2\/types\/post"}],"author":[{"embeddable":true,"href":"http:\/\/argentinamunicipal.com.ar\/argentina\/wp-json\/wp\/v2\/users\/2"}],"replies":[{"embeddable":true,"href":"http:\/\/argentinamunicipal.com.ar\/argentina\/wp-json\/wp\/v2\/comments?post=112545"}],"version-history":[{"count":0,"href":"http:\/\/argentinamunicipal.com.ar\/argentina\/wp-json\/wp\/v2\/posts\/112545\/revisions"}],"wp:featuredmedia":[{"embeddable":true,"href":"http:\/\/argentinamunicipal.com.ar\/argentina\/wp-json\/wp\/v2\/media\/112546"}],"wp:attachment":[{"href":"http:\/\/argentinamunicipal.com.ar\/argentina\/wp-json\/wp\/v2\/media?parent=112545"}],"wp:term":[{"taxonomy":"category","embeddable":true,"href":"http:\/\/argentinamunicipal.com.ar\/argentina\/wp-json\/wp\/v2\/categories?post=112545"},{"taxonomy":"post_tag","embeddable":true,"href":"http:\/\/argentinamunicipal.com.ar\/argentina\/wp-json\/wp\/v2\/tags?post=112545"}],"curies":[{"name":"wp","href":"https:\/\/api.w.org\/{rel}","templated":true}]}}