{"id":112612,"date":"2021-02-25T06:46:50","date_gmt":"2021-02-25T09:46:50","guid":{"rendered":"http:\/\/argentinamunicipal.com.ar\/argentina\/?p=112612"},"modified":"2021-02-25T06:46:50","modified_gmt":"2021-02-25T09:46:50","slug":"roca-municipales-cierran-un-19-semestral","status":"publish","type":"post","link":"http:\/\/argentinamunicipal.com.ar\/argentina\/roca-municipales-cierran-un-19-semestral\/","title":{"rendered":"Roca: municipales cierran un 19% semestral"},"content":{"rendered":"<p>El Municipio de Roca acord\u00f3 con los gremios UPCN, SOYEM, ATM y ATE un aumento semestral que alcanza el 19%.<\/p>\n<p>El acuerdo incluye un aumento del 5 % en enero, 5 % en marzo, 4 % en mayo y 5 % en junio, totalizando para el per\u00edodo un incremento total del 19 %, estableci\u00e9ndose que con los haberes del mes de Febrero se pague el retroactivo correspondiente a Enero de 2021. Adem\u00e1s habr\u00e1 una incorporaci\u00f3n de 250 pesos como suma no remunerativa en el b\u00e1sico del mes de Abril.<\/p>\n<p>\u00abDe esta manera seguimos cumpliendo con los trabajadores y trabajadoras municipales, sabiendo que ellos tambi\u00e9n van a seguir haciendo su mayor esfuerzo para que Roca siga creciendo. A pesar de la Pandemia Roca no para, seguimos haciendo obras y brindando m\u00e1s y mejores servicios para los vecinos\u00bb, dec\u00eda esta ma\u00f1ana la intendenta Mar\u00eda Emilia Soria luego de\u00a0la aprobaci\u00f3n un\u00e1nime de los Gremios con representaci\u00f3n municipal.<\/p>\n<h6>Fuente: ADN<\/h6>\n","protected":false},"excerpt":{"rendered":"<p>El Municipio de Roca acord\u00f3 con los gremios UPCN, SOYEM, ATM y ATE un aumento semestral que alcanza el 19%.<\/p>\n","protected":false},"author":2,"featured_media":112613,"comment_status":"closed","ping_status":"closed","sticky":false,"template":"","format":"standard","meta":{"footnotes":""},"categories":[7],"tags":[11],"class_list":["post-112612","post","type-post","status-publish","format-standard","has-post-thumbnail","hentry","category-informe-sindical","tag-rio-negro"],"_links":{"self":[{"href":"http:\/\/argentinamunicipal.com.ar\/argentina\/wp-json\/wp\/v2\/posts\/112612","targetHints":{"allow":["GET"]}}],"collection":[{"href":"http:\/\/argentinamunicipal.com.ar\/argentina\/wp-json\/wp\/v2\/posts"}],"about":[{"href":"http:\/\/argentinamunicipal.com.ar\/argentina\/wp-json\/wp\/v2\/types\/post"}],"author":[{"embeddable":true,"href":"http:\/\/argentinamunicipal.com.ar\/argentina\/wp-json\/wp\/v2\/users\/2"}],"replies":[{"embeddable":true,"href":"http:\/\/argentinamunicipal.com.ar\/argentina\/wp-json\/wp\/v2\/comments?post=112612"}],"version-history":[{"count":0,"href":"http:\/\/argentinamunicipal.com.ar\/argentina\/wp-json\/wp\/v2\/posts\/112612\/revisions"}],"wp:featuredmedia":[{"embeddable":true,"href":"http:\/\/argentinamunicipal.com.ar\/argentina\/wp-json\/wp\/v2\/media\/112613"}],"wp:attachment":[{"href":"http:\/\/argentinamunicipal.com.ar\/argentina\/wp-json\/wp\/v2\/media?parent=112612"}],"wp:term":[{"taxonomy":"category","embeddable":true,"href":"http:\/\/argentinamunicipal.com.ar\/argentina\/wp-json\/wp\/v2\/categories?post=112612"},{"taxonomy":"post_tag","embeddable":true,"href":"http:\/\/argentinamunicipal.com.ar\/argentina\/wp-json\/wp\/v2\/tags?post=112612"}],"curies":[{"name":"wp","href":"https:\/\/api.w.org\/{rel}","templated":true}]}}