{"id":112642,"date":"2021-02-26T13:51:17","date_gmt":"2021-02-26T16:51:17","guid":{"rendered":"http:\/\/argentinamunicipal.com.ar\/argentina\/?p=112642"},"modified":"2021-02-26T13:51:17","modified_gmt":"2021-02-26T16:51:17","slug":"bariloche-aseguran-que-la-eliminacion-del-ife-disparo-la-cantidad-de-inquilinos-endeudados","status":"publish","type":"post","link":"http:\/\/argentinamunicipal.com.ar\/argentina\/bariloche-aseguran-que-la-eliminacion-del-ife-disparo-la-cantidad-de-inquilinos-endeudados\/","title":{"rendered":"Bariloche: Aseguran que la eliminaci\u00f3n del IFE dispar\u00f3 la cantidad de inquilinos endeudados"},"content":{"rendered":"<p>El presidente de la Uni\u00f3n Inquilinos de R\u00edo Negro, Roberto D\u00edaz, se mostr\u00f3 preocupado por la situaci\u00f3n de este segmento, debido a las secuelas que est\u00e1 generando la pandemia de COVID-19.<\/p>\n<p>\u201cEl promedio de deuda en Bariloche es de 150 mil pesos por familia. Incluso, en esta ciudad la deuda subi\u00f3 m\u00e1s que en el resto de la provincia, con casos de 200 mil pesos de mora. Es un n\u00famero muy elevado\u201d, consider\u00f3, en di\u00e1logo con El Cordillerano Radio.<\/p>\n<p>Se\u00f1al\u00f3 que con la eliminaci\u00f3n del Ingreso Familiar de Emergencia (IFE), \u201cexplot\u00f3 la cantidad de endeudados\u201d y que \u201clas deudas se hicieron impagables\u201d.<\/p>\n<p>Fue muy cr\u00edtico con el rol de las inmobiliarias en el marco de la pandemia, opinando que \u201cquieren que el decreto que impide aumentos y desalojos no se extienda m\u00e1s all\u00e1 de marzo, porque ellos quieren echar a la gente endeudada a la calle e incrementar el monto de los alquileres\u201d y reclam\u00f3 que el gobierno debe instrumentar un financiamiento para las familias que tienen varios meses de atraso en los pagos.<\/p>\n<p>Asimismo, evalu\u00f3 que \u201cpor m\u00e1s que parte de la econom\u00eda se haya reactivado, hay personas que igual no podr\u00e1n pagar. Incluso, hay un 18% de las 30 mil personas que alquilan en Bariloche, que todav\u00eda no volvi\u00f3 a trabajar\u201d.<\/p>\n<p>D\u00edaz solicit\u00f3 que el decreto presidencial se extienda, por lo menos, dos meses m\u00e1s, al tiempo que aclar\u00f3 que \u201ctodos los juicios contra los garantes y los inquilinos, est\u00e1n suspendidos hasta el 30 de septiembre de este a\u00f1o, lo cual es importante porque permite ponerse al d\u00eda\u201d. Y resalt\u00f3 en ese sentido, que \u201cno se pueden cobrar intereses sobre las deudas. Si a alg\u00fan inquilino le cobran inter\u00e9s, es ilegal\u201d.<\/p>\n<p>El referente valor\u00f3 la existencia del decreto de Alberto Fern\u00e1ndez que resguard\u00f3 a quienes pagan un alquiler. \u201cSi ese decreto no hubiese existido, hoy habr\u00eda un 40% de inquilinos en la calle, porque no pudieron trabajar durante un a\u00f1o\u201d, sintetiz\u00f3.<\/p>\n<h6>Fuente: El Cordillerano<\/h6>\n","protected":false},"excerpt":{"rendered":"<p>El presidente de la Uni\u00f3n Inquilinos de R\u00edo Negro, Roberto D\u00edaz, se mostr\u00f3 preocupado por la situaci\u00f3n de este segmento, debido a las secuelas que est\u00e1 generando la pandemia de COVID-19.<\/p>\n","protected":false},"author":2,"featured_media":112643,"comment_status":"closed","ping_status":"closed","sticky":false,"template":"","format":"standard","meta":{"footnotes":""},"categories":[5],"tags":[11],"class_list":["post-112642","post","type-post","status-publish","format-standard","has-post-thumbnail","hentry","category-informe-economico","tag-rio-negro"],"_links":{"self":[{"href":"http:\/\/argentinamunicipal.com.ar\/argentina\/wp-json\/wp\/v2\/posts\/112642","targetHints":{"allow":["GET"]}}],"collection":[{"href":"http:\/\/argentinamunicipal.com.ar\/argentina\/wp-json\/wp\/v2\/posts"}],"about":[{"href":"http:\/\/argentinamunicipal.com.ar\/argentina\/wp-json\/wp\/v2\/types\/post"}],"author":[{"embeddable":true,"href":"http:\/\/argentinamunicipal.com.ar\/argentina\/wp-json\/wp\/v2\/users\/2"}],"replies":[{"embeddable":true,"href":"http:\/\/argentinamunicipal.com.ar\/argentina\/wp-json\/wp\/v2\/comments?post=112642"}],"version-history":[{"count":0,"href":"http:\/\/argentinamunicipal.com.ar\/argentina\/wp-json\/wp\/v2\/posts\/112642\/revisions"}],"wp:featuredmedia":[{"embeddable":true,"href":"http:\/\/argentinamunicipal.com.ar\/argentina\/wp-json\/wp\/v2\/media\/112643"}],"wp:attachment":[{"href":"http:\/\/argentinamunicipal.com.ar\/argentina\/wp-json\/wp\/v2\/media?parent=112642"}],"wp:term":[{"taxonomy":"category","embeddable":true,"href":"http:\/\/argentinamunicipal.com.ar\/argentina\/wp-json\/wp\/v2\/categories?post=112642"},{"taxonomy":"post_tag","embeddable":true,"href":"http:\/\/argentinamunicipal.com.ar\/argentina\/wp-json\/wp\/v2\/tags?post=112642"}],"curies":[{"name":"wp","href":"https:\/\/api.w.org\/{rel}","templated":true}]}}