{"id":112795,"date":"2021-03-04T05:45:31","date_gmt":"2021-03-04T08:45:31","guid":{"rendered":"http:\/\/argentinamunicipal.com.ar\/argentina\/?p=112795"},"modified":"2021-03-03T20:17:45","modified_gmt":"2021-03-03T23:17:45","slug":"santa-fe-por-la-falta-de-ingresos-cierra-el-comedor-comunitario-de-santa-rosa-de-lima","status":"publish","type":"post","link":"http:\/\/argentinamunicipal.com.ar\/argentina\/santa-fe-por-la-falta-de-ingresos-cierra-el-comedor-comunitario-de-santa-rosa-de-lima\/","title":{"rendered":"Santa Fe: Por la falta de ingresos, cierra el comedor comunitario de Santa Rosa de Lima"},"content":{"rendered":"<p>Se trata del espacio ubicado en Tucum\u00e1n 4550. Se entregan alrededor de 90 raciones de alimentos por d\u00eda. \u00abDesde el Ministerio de Desarrollo Social hace dos meses no se hace el dep\u00f3sito para la vecinal\u00bb, explicaron los trabajadores.<\/p>\n<p>En la actualidad, son muchas las familias que para sobrevivir concurren a diario a los distintos comedores de la ciudad. La Asociaci\u00f3n Vecinal del barrio Santa Rosa de Lima, se encuentra ubicada en Tucum\u00e1n 4550, y es una instituci\u00f3n que como tantas otras tambi\u00e9n est\u00e1 atravesando una contin\u00faa crisis econ\u00f3mica que se ha ido profundizando durante la pandemia.<\/p>\n<p>\u00abDesde el Ministerio de Desarrollo Social hace dos meses no se hace el dep\u00f3sito para la vecinal. Ya no le podemos pedir m\u00e1s fiado al proveedor\u00bb, explic\u00f3 Brian Ver\u00f3n, integrante de la asociaci\u00f3n vecinal. Sumado a ello, tambi\u00e9n, manifest\u00f3 que vienen reclamando un incremento de la partida: \u00abNo nos aumentan desde noviembre del a\u00f1o 2018. Es una cosa que no se aguanta m\u00e1s, o sea no podemos seguir sosteniendo todo esto, son decisiones del gobierno, es decir, el tema del aumento, del pago tambi\u00e9n, que se demoran, que siempre pasa algo, todo esta muy dif\u00edcil, para nosotros y para el comerciante que nos vende a nosotros\u00bb, sostuvo.<\/p>\n<p>Ver\u00f3n, explic\u00f3 que ante el contexto de la pandemia por el coronavirus, el comedor comunitario se encuentra brindando entre 85 a 90 viandas por noche, todos los d\u00edas de lunes a viernes. \u00abNos organizamos como podemos, con lo que tenemos, y tambi\u00e9n con las donaciones de los vecinos\u00bb.<\/p>\n<p>Lo cierto, es que ante la falta de ingresos, desde el comedor aseguran que peligra el plato de alimento para aquellas personas que concurren a diario al lugar. \u00abHoy lo estamos cortando porque no tenemos m\u00e1s recursos. Es irrisorio lo que nos dan por raci\u00f3n ( $ 22), es una verg\u00fcenza\u00bb. Y agreg\u00f3: \u00abNosotros somos uno de los \u00fanicos comedores que abre de noche, porque est\u00e1n los servicios de la escuela al mediod\u00eda, aunque ahora permanece cerrado, por lo cual mucha gente quedar\u00eda sin su plato de comida a la noche\u00bb.<\/p>\n<h6>Fuente: El Litoral<\/h6>\n","protected":false},"excerpt":{"rendered":"<p>Se trata del espacio ubicado en Tucum\u00e1n 4550. Se entregan alrededor de 90 raciones de alimentos por d\u00eda. \u00abDesde el Ministerio de Desarrollo Social hace dos meses no se hace el dep\u00f3sito para la vecinal\u00bb, explicaron los trabajadores.<\/p>\n","protected":false},"author":2,"featured_media":112796,"comment_status":"closed","ping_status":"closed","sticky":false,"template":"","format":"standard","meta":{"footnotes":""},"categories":[2],"tags":[10],"class_list":["post-112795","post","type-post","status-publish","format-standard","has-post-thumbnail","hentry","category-informe-municipal","tag-santa-fe"],"_links":{"self":[{"href":"http:\/\/argentinamunicipal.com.ar\/argentina\/wp-json\/wp\/v2\/posts\/112795","targetHints":{"allow":["GET"]}}],"collection":[{"href":"http:\/\/argentinamunicipal.com.ar\/argentina\/wp-json\/wp\/v2\/posts"}],"about":[{"href":"http:\/\/argentinamunicipal.com.ar\/argentina\/wp-json\/wp\/v2\/types\/post"}],"author":[{"embeddable":true,"href":"http:\/\/argentinamunicipal.com.ar\/argentina\/wp-json\/wp\/v2\/users\/2"}],"replies":[{"embeddable":true,"href":"http:\/\/argentinamunicipal.com.ar\/argentina\/wp-json\/wp\/v2\/comments?post=112795"}],"version-history":[{"count":0,"href":"http:\/\/argentinamunicipal.com.ar\/argentina\/wp-json\/wp\/v2\/posts\/112795\/revisions"}],"wp:featuredmedia":[{"embeddable":true,"href":"http:\/\/argentinamunicipal.com.ar\/argentina\/wp-json\/wp\/v2\/media\/112796"}],"wp:attachment":[{"href":"http:\/\/argentinamunicipal.com.ar\/argentina\/wp-json\/wp\/v2\/media?parent=112795"}],"wp:term":[{"taxonomy":"category","embeddable":true,"href":"http:\/\/argentinamunicipal.com.ar\/argentina\/wp-json\/wp\/v2\/categories?post=112795"},{"taxonomy":"post_tag","embeddable":true,"href":"http:\/\/argentinamunicipal.com.ar\/argentina\/wp-json\/wp\/v2\/tags?post=112795"}],"curies":[{"name":"wp","href":"https:\/\/api.w.org\/{rel}","templated":true}]}}