{"id":112798,"date":"2021-03-04T05:00:38","date_gmt":"2021-03-04T08:00:38","guid":{"rendered":"http:\/\/argentinamunicipal.com.ar\/argentina\/?p=112798"},"modified":"2021-03-03T20:22:46","modified_gmt":"2021-03-03T23:22:46","slug":"se-realizara-relevamiento-de-hogares-para-conocer-la-situacion-laboral-en-venado-tuerto","status":"publish","type":"post","link":"http:\/\/argentinamunicipal.com.ar\/argentina\/se-realizara-relevamiento-de-hogares-para-conocer-la-situacion-laboral-en-venado-tuerto\/","title":{"rendered":"Se realizar\u00e1 relevamiento de hogares para conocer la situaci\u00f3n laboral en Venado Tuerto"},"content":{"rendered":"<p>Ser\u00e1 para sondear la situaci\u00f3n laboral en la ciudad y servir\u00e1 como gu\u00eda para reorientar y focalizar pol\u00edticas p\u00fablicas en la materia.<br \/>\nLa Secretar\u00eda de Desarrollo Productivo a trav\u00e9s de la Oficina de Empleo pondr\u00e1 en marcha una encuesta de hogares. Ser\u00e1 para sondear la situaci\u00f3n laboral en la ciudad. Servir\u00e1 como gu\u00eda para reorientar y focalizar pol\u00edticas p\u00fablicas en la materia.<\/p>\n<p>Se trata de una experiencia que permitir\u00e1 acceder a indicadores. Entre estos, el nivel de ocupaci\u00f3n, calidad del trabajo y modo de inserci\u00f3n laboral, situaci\u00f3n de los desocupados, tiempo de desempleo y estrategias de b\u00fasqueda de empleo, entre otros datos.<\/p>\n<p><strong>Ser\u00e1n 400 casos<\/strong><br \/>\nCon el aval del Instituto Provincial de Estad\u00edstica y Censos (IPEC), se har\u00e1 un relevamiento de hogares mediante un muestreo de 400 casos. Siguiendo est\u00e1ndares internacionales, la unidad de muestreo ser\u00e1n todos aquellos individuos de 10 a\u00f1os o m\u00e1s que habiten en las viviendas seleccionadas.<\/p>\n<p>El muestreo ser\u00e1 aleatorio, estratificado y proporcional a las zonas. Estas ser\u00e1n definidas por cualidades socioecon\u00f3micas conforme datos actualizados al 2020. Tal lo planificado, el relevamiento comenzar\u00eda a mediados de marzo y demandar\u00e1 cinco semanas de trabajo de campo. Contar\u00e1 con encuestadores debidamente capacitados e identificados por el municipio.<\/p>\n<p>\u201cEl objetivo de este relevamiento es poder tener una pol\u00edtica p\u00fablica m\u00e1s asertiva en relaci\u00f3n a la situaci\u00f3n laboral de la ciudad y en generar programas de empleo que tomen como base esta informaci\u00f3n\u201d, coment\u00f3 In\u00e9s Paitov\u00ed, a cargo de la Oficina Municipal de Empleo.<\/p>\n<p>Datos en mano, el relevamiento tambi\u00e9n constituir\u00e1 una base para el di\u00e1logo con sectores empresariales, c\u00e1maras y gremios, involucrando a estos actores en acciones de promoci\u00f3n y creaci\u00f3n de empleo.<\/p>\n<h6>Fuente: Sin Mordaza<\/h6>\n","protected":false},"excerpt":{"rendered":"<p>Ser\u00e1 para sondear la situaci\u00f3n laboral en la ciudad y servir\u00e1 como gu\u00eda para reorientar y focalizar pol\u00edticas p\u00fablicas en la materia.<\/p>\n","protected":false},"author":2,"featured_media":112799,"comment_status":"closed","ping_status":"closed","sticky":false,"template":"","format":"standard","meta":{"footnotes":""},"categories":[2],"tags":[10],"class_list":["post-112798","post","type-post","status-publish","format-standard","has-post-thumbnail","hentry","category-informe-municipal","tag-santa-fe"],"_links":{"self":[{"href":"http:\/\/argentinamunicipal.com.ar\/argentina\/wp-json\/wp\/v2\/posts\/112798","targetHints":{"allow":["GET"]}}],"collection":[{"href":"http:\/\/argentinamunicipal.com.ar\/argentina\/wp-json\/wp\/v2\/posts"}],"about":[{"href":"http:\/\/argentinamunicipal.com.ar\/argentina\/wp-json\/wp\/v2\/types\/post"}],"author":[{"embeddable":true,"href":"http:\/\/argentinamunicipal.com.ar\/argentina\/wp-json\/wp\/v2\/users\/2"}],"replies":[{"embeddable":true,"href":"http:\/\/argentinamunicipal.com.ar\/argentina\/wp-json\/wp\/v2\/comments?post=112798"}],"version-history":[{"count":0,"href":"http:\/\/argentinamunicipal.com.ar\/argentina\/wp-json\/wp\/v2\/posts\/112798\/revisions"}],"wp:featuredmedia":[{"embeddable":true,"href":"http:\/\/argentinamunicipal.com.ar\/argentina\/wp-json\/wp\/v2\/media\/112799"}],"wp:attachment":[{"href":"http:\/\/argentinamunicipal.com.ar\/argentina\/wp-json\/wp\/v2\/media?parent=112798"}],"wp:term":[{"taxonomy":"category","embeddable":true,"href":"http:\/\/argentinamunicipal.com.ar\/argentina\/wp-json\/wp\/v2\/categories?post=112798"},{"taxonomy":"post_tag","embeddable":true,"href":"http:\/\/argentinamunicipal.com.ar\/argentina\/wp-json\/wp\/v2\/tags?post=112798"}],"curies":[{"name":"wp","href":"https:\/\/api.w.org\/{rel}","templated":true}]}}