{"id":11289,"date":"2014-07-10T09:00:32","date_gmt":"2014-07-10T12:00:32","guid":{"rendered":"http:\/\/argentinamunicipal.com.ar\/argentina\/?p=11289"},"modified":"2014-07-10T11:15:37","modified_gmt":"2014-07-10T14:15:37","slug":"viedma-la-presidenta-del-concejo-deliberante-recibio-a-referentes-de-soyem","status":"publish","type":"post","link":"http:\/\/argentinamunicipal.com.ar\/argentina\/viedma-la-presidenta-del-concejo-deliberante-recibio-a-referentes-de-soyem\/","title":{"rendered":"Viedma: La Presidenta del Concejo Deliberante recibi\u00f3 a referentes de SOYEM"},"content":{"rendered":"<p><a href=\"http:\/\/argentinamunicipal.com.ar\/argentina\/wp-content\/uploads\/2014\/07\/Sesi\u00f3n-suspendida.gif\"><img loading=\"lazy\" decoding=\"async\" class=\"alignleft  wp-image-11290\" src=\"http:\/\/argentinamunicipal.com.ar\/argentina\/wp-content\/uploads\/2014\/07\/Sesi\u00f3n-suspendida.gif\" alt=\"Sesi\u00f3n-suspendida\" width=\"497\" height=\"373\" \/><\/a>La presidenta del Concejo Deliberante, Patricia Antonio de Pocai, junto al Secretario Parlamentario: Leandro Massaccesi y al Secretario Administrativo: Santiago Ibarrolaza; recibieron al Secretario General del SOYEM: Nelson Velasque y al Secretario Adjunto: Emilio Recachuck; para abordar diversos temas vinculados con la situaci\u00f3n actual de los empleados municipales.<\/p>\n<p>Los referentes del SOYEM le solicitaron a la Presidenta del Concejo, mediante nota, que se respete lo establecido en la Ordenanza 2329 en el Art\u00edculo 25 que dice que \u201cEl personal permanente que posea grupo familiares y cumplimente los requisitos b\u00e1sicos en la materia, tendr\u00e1 prioridad en la adjudicaci\u00f3n de los lotes fiscales. El Municipio en planes de viviendas en que tenga intervenci\u00f3n directa o indirectamente gestionar\u00e1 la concreci\u00f3n de un grupo destinado a empleados municipales\u201d.<\/p>\n<p>A s\u00ed mismo, los referentes del SOYEM explicaron que dicho pedido se fundamenta a ra\u00edz de la entrega pr\u00f3xima de las 372 viviendas del \u201cPrograma Techo Digno\u201d en la ciudad de Viedma y agregaron que creen conveniente intervenir en la adjudicaci\u00f3n de la entrega de lotes fiscales y tambi\u00e9n proponen participaci\u00f3n del Sindicato en el cierre de los cupos.<\/p>\n<p>Por \u00faltimo el SOYEM present\u00f3 un proyecto para modificar la ordenanza que regula las bonificaciones de los empleados viales de la municipalidad.<\/p>\n<h6>Fuente: ADN R\u00edo Negro<\/h6>\n","protected":false},"excerpt":{"rendered":"<p>La presidenta del Concejo Deliberante, Patricia Antonio de Pocai, junto al Secretario Parlamentario: Leandro Massaccesi y al Secretario Administrativo: Santiago Ibarrolaza; recibieron al Secretario General del SOYEM: Nelson Velasque y al Secretario Adjunto: Emilio Recachuck; para abordar diversos temas vinculados con la situaci\u00f3n actual de los empleados municipales. Los referentes del SOYEM le solicitaron a<\/p>\n","protected":false},"author":2,"featured_media":11290,"comment_status":"closed","ping_status":"closed","sticky":false,"template":"","format":"standard","meta":{"footnotes":""},"categories":[7],"tags":[11],"class_list":["post-11289","post","type-post","status-publish","format-standard","has-post-thumbnail","hentry","category-informe-sindical","tag-rio-negro"],"_links":{"self":[{"href":"http:\/\/argentinamunicipal.com.ar\/argentina\/wp-json\/wp\/v2\/posts\/11289","targetHints":{"allow":["GET"]}}],"collection":[{"href":"http:\/\/argentinamunicipal.com.ar\/argentina\/wp-json\/wp\/v2\/posts"}],"about":[{"href":"http:\/\/argentinamunicipal.com.ar\/argentina\/wp-json\/wp\/v2\/types\/post"}],"author":[{"embeddable":true,"href":"http:\/\/argentinamunicipal.com.ar\/argentina\/wp-json\/wp\/v2\/users\/2"}],"replies":[{"embeddable":true,"href":"http:\/\/argentinamunicipal.com.ar\/argentina\/wp-json\/wp\/v2\/comments?post=11289"}],"version-history":[{"count":0,"href":"http:\/\/argentinamunicipal.com.ar\/argentina\/wp-json\/wp\/v2\/posts\/11289\/revisions"}],"wp:featuredmedia":[{"embeddable":true,"href":"http:\/\/argentinamunicipal.com.ar\/argentina\/wp-json\/wp\/v2\/media\/11290"}],"wp:attachment":[{"href":"http:\/\/argentinamunicipal.com.ar\/argentina\/wp-json\/wp\/v2\/media?parent=11289"}],"wp:term":[{"taxonomy":"category","embeddable":true,"href":"http:\/\/argentinamunicipal.com.ar\/argentina\/wp-json\/wp\/v2\/categories?post=11289"},{"taxonomy":"post_tag","embeddable":true,"href":"http:\/\/argentinamunicipal.com.ar\/argentina\/wp-json\/wp\/v2\/tags?post=11289"}],"curies":[{"name":"wp","href":"https:\/\/api.w.org\/{rel}","templated":true}]}}