{"id":112972,"date":"2021-03-10T04:30:18","date_gmt":"2021-03-10T07:30:18","guid":{"rendered":"http:\/\/argentinamunicipal.com.ar\/argentina\/?p=112972"},"modified":"2021-03-09T19:46:53","modified_gmt":"2021-03-09T22:46:53","slug":"una-mujer-qom-es-la-primera-directora-de-comunidades-de-pueblos-originarios-de-santa-fe","status":"publish","type":"post","link":"http:\/\/argentinamunicipal.com.ar\/argentina\/una-mujer-qom-es-la-primera-directora-de-comunidades-de-pueblos-originarios-de-santa-fe\/","title":{"rendered":"Una mujer qom es la primera directora de Comunidades de Pueblos Originarios de Santa Fe"},"content":{"rendered":"<p>\u00abComo mujer y descendiente Qom, es una alegr\u00eda enorme poder tener esta oportunidad\u00bb, indic\u00f3 Rosana Esquivel, quien lleg\u00f3 Rosario hace 30 a\u00f1os en busca de oportunidades.<\/p>\n<p>El gobierno de Santa Fe cre\u00f3 la Direcci\u00f3n de Comunidades de Pueblos Originarios, con el objetivo de abordar integralmente la situaci\u00f3n de m\u00e1s de 200 mil personas de diferentes comunidades, y como titular fue designada Rosana Esquivel, integrante del pueblo Qom, dijeron hoy fuentes oficiales.<\/p>\n<p>La direcci\u00f3n fue creada bajo la \u00f3rbita del Ministerio de Desarrollo Social y, en una de sus primeras acciones, prev\u00e9 \u00abconformar un registro serio y completo de las m\u00e1s de 100 comunidades de pueblos Qom, Mocov\u00ed, Kolla, Corond\u00e1, Diaguita-Calchaqu\u00ed, Guaran\u00ed y Mapuche, entre otros, que habitan en el territorio santafesino\u00bb.<\/p>\n<p>El Gobierno indic\u00f3 que la idea es que, con esa informaci\u00f3n, se implementen estrategias concretas de integraci\u00f3n, mediante un trabajo transversal entre todos los ministerios y direcciones provinciales.<\/p>\n<p>\u00abComo mujer y descendiente Qom, es una alegr\u00eda enorme poder tener esta oportunidad\u00bb, indic\u00f3 Esquivel, quien cont\u00f3 que lleg\u00f3 a la ciudad de Rosario hace unos 30 a\u00f1os en busca de oportunidades.<\/p>\n<p>Esquivel estar\u00e1 acompa\u00f1ada por el nuevo presidente del Instituto Provincial de Abor\u00edgenes Santafesinos (Ipas), Francisco Saavedra, y tambi\u00e9n, se sumar\u00e1 el integrante de la comunidad Mocov\u00ed de Melincu\u00e9, Ariel Araujo.<\/p>\n<p>El Ipas fue creado en 2007 y seg\u00fan el Gobierno \u00abninguno de sus objetivos primordiales hab\u00edan sido concretados\u00bb, con asambleas ciudadanas que tuvieron poca participaci\u00f3n de los pueblos originarios y sus organizaciones.<\/p>\n<p>El desaf\u00edo ser\u00e1 \u00abempezar de nuevo\u00bb, plante\u00f3 Esquivel, que desde la direcci\u00f3n buscar\u00e1 discutir y definir acciones para estrategias conjuntas de autodesarrollo y preservaci\u00f3n del medio ambiente.<\/p>\n<h6>Fuente: La Voz de San Justo<\/h6>\n","protected":false},"excerpt":{"rendered":"<p>\u00abComo mujer y descendiente Qom, es una alegr\u00eda enorme poder tener esta oportunidad\u00bb, indic\u00f3 Rosana Esquivel, quien lleg\u00f3 Rosario hace 30 a\u00f1os en busca de oportunidades.<\/p>\n","protected":false},"author":2,"featured_media":112973,"comment_status":"closed","ping_status":"closed","sticky":false,"template":"","format":"standard","meta":{"footnotes":""},"categories":[2],"tags":[10],"class_list":["post-112972","post","type-post","status-publish","format-standard","has-post-thumbnail","hentry","category-informe-municipal","tag-santa-fe"],"_links":{"self":[{"href":"http:\/\/argentinamunicipal.com.ar\/argentina\/wp-json\/wp\/v2\/posts\/112972","targetHints":{"allow":["GET"]}}],"collection":[{"href":"http:\/\/argentinamunicipal.com.ar\/argentina\/wp-json\/wp\/v2\/posts"}],"about":[{"href":"http:\/\/argentinamunicipal.com.ar\/argentina\/wp-json\/wp\/v2\/types\/post"}],"author":[{"embeddable":true,"href":"http:\/\/argentinamunicipal.com.ar\/argentina\/wp-json\/wp\/v2\/users\/2"}],"replies":[{"embeddable":true,"href":"http:\/\/argentinamunicipal.com.ar\/argentina\/wp-json\/wp\/v2\/comments?post=112972"}],"version-history":[{"count":0,"href":"http:\/\/argentinamunicipal.com.ar\/argentina\/wp-json\/wp\/v2\/posts\/112972\/revisions"}],"wp:featuredmedia":[{"embeddable":true,"href":"http:\/\/argentinamunicipal.com.ar\/argentina\/wp-json\/wp\/v2\/media\/112973"}],"wp:attachment":[{"href":"http:\/\/argentinamunicipal.com.ar\/argentina\/wp-json\/wp\/v2\/media?parent=112972"}],"wp:term":[{"taxonomy":"category","embeddable":true,"href":"http:\/\/argentinamunicipal.com.ar\/argentina\/wp-json\/wp\/v2\/categories?post=112972"},{"taxonomy":"post_tag","embeddable":true,"href":"http:\/\/argentinamunicipal.com.ar\/argentina\/wp-json\/wp\/v2\/tags?post=112972"}],"curies":[{"name":"wp","href":"https:\/\/api.w.org\/{rel}","templated":true}]}}