{"id":112993,"date":"2021-03-10T05:22:30","date_gmt":"2021-03-10T08:22:30","guid":{"rendered":"http:\/\/argentinamunicipal.com.ar\/argentina\/?p=112993"},"modified":"2021-03-09T20:24:28","modified_gmt":"2021-03-09T23:24:28","slug":"rosario-nuevamente-sufre-el-humo-del-fuego-en-las-islas","status":"publish","type":"post","link":"http:\/\/argentinamunicipal.com.ar\/argentina\/rosario-nuevamente-sufre-el-humo-del-fuego-en-las-islas\/","title":{"rendered":"Rosario nuevamente sufre el humo del fuego en las islas"},"content":{"rendered":"<p>Este martes, la ciudad amaneci\u00f3 con complicaciones para respirar con normalidad a causa de los incendios que no cesan en el delta del r\u00edo Paran\u00e1.<\/p>\n<p>Son tres los puntos de incendio activos que provocaron la nube de humo en la ciudad de Rosario durante la ma\u00f1ana de este martes. La quema de pastizales en las islas del r\u00edo Paran\u00e1 llen\u00f3 toda la costanera con una nube gris que complic\u00f3 la respiraci\u00f3n.<\/p>\n<p>Desde Defensa Civil de la municipalidad de Rosario, indican que los tres focos se encuentran aproximadamente a 30 kil\u00f3metros de Rosario, yendo hacia Victoria. El director, Gonzalo Ratner, explic\u00f3 que la rotaci\u00f3n del viento durante la madrugada hacia el este hace que se sienta el humo.<\/p>\n<p>Si bien, hay tres puntos que destacan por el fuego, los focos de incendio podr\u00edan ser muchos m\u00e1s.<\/p>\n<p>Por su parte, Roberto Rioja, Secretario de Protecci\u00f3n Civil de la Provincia de Santa Fe, detall\u00f3 en la misma l\u00ednea que \u2018\u2019al rotar el viento, se siente m\u00e1s en la ciudad, y teniendo en cuenta que los pastos est\u00e1n verdes, el humo se hace m\u00e1s denso\u2019\u2019. A pesar de esto, confi\u00f3 en los pron\u00f3sticos que anuncian lluvias normales para los pr\u00f3ximos meses.<\/p>\n<h6>Fuente: El Litoral<\/h6>\n","protected":false},"excerpt":{"rendered":"<p>Este martes, la ciudad amaneci\u00f3 con complicaciones para respirar con normalidad a causa de los incendios que no cesan en el delta del r\u00edo Paran\u00e1.<\/p>\n","protected":false},"author":2,"featured_media":112994,"comment_status":"closed","ping_status":"closed","sticky":false,"template":"","format":"standard","meta":{"footnotes":""},"categories":[2],"tags":[10],"class_list":["post-112993","post","type-post","status-publish","format-standard","has-post-thumbnail","hentry","category-informe-municipal","tag-santa-fe"],"_links":{"self":[{"href":"http:\/\/argentinamunicipal.com.ar\/argentina\/wp-json\/wp\/v2\/posts\/112993","targetHints":{"allow":["GET"]}}],"collection":[{"href":"http:\/\/argentinamunicipal.com.ar\/argentina\/wp-json\/wp\/v2\/posts"}],"about":[{"href":"http:\/\/argentinamunicipal.com.ar\/argentina\/wp-json\/wp\/v2\/types\/post"}],"author":[{"embeddable":true,"href":"http:\/\/argentinamunicipal.com.ar\/argentina\/wp-json\/wp\/v2\/users\/2"}],"replies":[{"embeddable":true,"href":"http:\/\/argentinamunicipal.com.ar\/argentina\/wp-json\/wp\/v2\/comments?post=112993"}],"version-history":[{"count":0,"href":"http:\/\/argentinamunicipal.com.ar\/argentina\/wp-json\/wp\/v2\/posts\/112993\/revisions"}],"wp:featuredmedia":[{"embeddable":true,"href":"http:\/\/argentinamunicipal.com.ar\/argentina\/wp-json\/wp\/v2\/media\/112994"}],"wp:attachment":[{"href":"http:\/\/argentinamunicipal.com.ar\/argentina\/wp-json\/wp\/v2\/media?parent=112993"}],"wp:term":[{"taxonomy":"category","embeddable":true,"href":"http:\/\/argentinamunicipal.com.ar\/argentina\/wp-json\/wp\/v2\/categories?post=112993"},{"taxonomy":"post_tag","embeddable":true,"href":"http:\/\/argentinamunicipal.com.ar\/argentina\/wp-json\/wp\/v2\/tags?post=112993"}],"curies":[{"name":"wp","href":"https:\/\/api.w.org\/{rel}","templated":true}]}}