{"id":1130,"date":"2014-02-15T14:28:19","date_gmt":"2014-02-15T17:28:19","guid":{"rendered":"http:\/\/argentinamunicipal.com.ar\/argentina\/?p=1130"},"modified":"2014-02-15T14:28:19","modified_gmt":"2014-02-15T17:28:19","slug":"sostener-crecimiento-industrializacion-e-inclusion-social-con-escasez-de-divisas","status":"publish","type":"post","link":"http:\/\/argentinamunicipal.com.ar\/argentina\/sostener-crecimiento-industrializacion-e-inclusion-social-con-escasez-de-divisas\/","title":{"rendered":"Sostener crecimiento, industrializaci\u00f3n e inclusi\u00f3n social con escasez de divisas"},"content":{"rendered":"<p>&nbsp;<\/p>\n<h6>Por Fernando Grasso, Vicepresidente de SIDbaires<\/h6>\n<p>La etapa que se inici\u00f3 tras el colapso de la convertibilidad, de crecimiento con inclusi\u00f3n social, est\u00e1 entre las m\u00e1s expansivas tanto por el incremento del PBI como por la duraci\u00f3n del ciclo y su intensidad. Adicionalmente, fueron visibles las decisiones del Gobierno para mantener bajo el desempleo y reducir la desigualdad entre los extremos de la pir\u00e1mide de ingresos. Por otro lado, a\u00fan cuando cabr\u00eda alg\u00fan matiz sobre si tambi\u00e9n fue un modelo de industrializaci\u00f3n profunda, los sectores manufactureros vivieron a\u00f1os de alto dinamismo y la recuperaci\u00f3n del entramado productivo fue notoria, revirtiendo la tendencia de las d\u00e9cadas previas.<\/p>\n<p>En este recorrido, cabr\u00eda esperar que una econom\u00eda como la argentina \u2013de desarrollo intermedio, con menor desigualdad que los pa\u00edses de la regi\u00f3n y esencialmente exportador neto de commodities\u2013 en alg\u00fan momento enfrente la escasez de divisas. Tambi\u00e9n que la din\u00e1mica de precios internos se movilice. Particularmente si los precios internacionales de dichos commodities suben notoriamente, debido mecanismos de propagaci\u00f3n, la puja distributiva y, bajo determinadas circunstancias, la concentraci\u00f3n de algunos segmentos de las cadenas de valor. En efecto, ya en 2007\/2008 era posible vislumbrar este proceso.<\/p>\n<p>Sin entrar en detalle sobre los aciertos o desaciertos de las pol\u00edticas que se implementaron para afrontar esta nueva fase, en concreto, la din\u00e1mica de la econom\u00eda pas\u00f3 a estar a\u00fan m\u00e1s signada por estos factores y la disponibilidad de divisas. Pero es innegable que la vocaci\u00f3n del Gobierno fue priorizar su uso para dar continuidad al crecimiento con inclusi\u00f3n social. Lo logr\u00f3 parcialmente. O no retrocedi\u00f3 sustancialmente del \u201cpico\u201d de actividad de 2011, ni respecto los mejores indicadores distributivos de las \u00faltimas d\u00e9cadas en torno a aquel a\u00f1o. Esto lucir\u00eda como argumento suficiente para descartar las alternativas que se planteaban desde diversos \u00e1mbitos: un considerable ajuste fiscal y monetario, con consecuencias recesivas y socialmente regresivas. En el corto plazo hubiesen sido inciertos los logros en materia de reducci\u00f3n de la inflaci\u00f3n e inminentes los costos en materia de empleo y desarrollo industrial.<\/p>\n<p>Ahora bien, una vez validada la estrategia, cabr\u00eda una evaluaci\u00f3n sobre la praxis implementada. Sin dudas esto corresponder\u00e1 al plano de la experiencia y la reflexi\u00f3n de aquellos que nos reconocemos parte de la heterodoxia. Reflexi\u00f3n que especialmente le deber\u00eda caber a quienes pregonaron las pol\u00edticas neoliberales de los \u201970 y los \u201990, conduci\u00e9ndonos a la peor crisis de nuestra historia.<\/p>\n<p>En el llano, la agudizaci\u00f3n de la problem\u00e1tica subyacente ha derivado en un abordaje m\u00e1s frontal y enmara\u00f1ado por parte de la pol\u00edtica econ\u00f3mica. Sus objetivos inmediatos aparentan menos ambiciosos frente a los logros de esta etapa, pero no lo son en vistas de su consolidaci\u00f3n y la posibilidad de sentar un umbral m\u00e1s alto para el futuro. De encauzarse la cuesti\u00f3n, se habr\u00e1 dado un paso crucial para allanar el camino a un nuevo ciclo de crecimiento y de transformaciones acuciantes en materia social, de industrializaci\u00f3n, tecnolog\u00eda, infraestructura, educaci\u00f3n, vivienda, entre otras.<\/p>\n<p>Esto es posible. Detr\u00e1s de la complejidad del cuadro actual relucen fundamentos s\u00f3lidos y el potencial de la Argentina sigue intacto. Es tarea de todos, de las dirigencias y los principales actores pol\u00edticos y econ\u00f3micos, abonar a esta idea para que as\u00ed sea. El riesgo es devenir en procesos poco novedosos para nuestro pa\u00eds y, por cierto, lamentables.<\/p>\n<h6>Fuente: Diario BAE<\/h6>\n","protected":false},"excerpt":{"rendered":"<p>&nbsp; Por Fernando Grasso, Vicepresidente de SIDbaires La etapa que se inici\u00f3 tras el colapso de la convertibilidad, de crecimiento con inclusi\u00f3n social, est\u00e1 entre las m\u00e1s expansivas tanto por el incremento del PBI como por la duraci\u00f3n del ciclo y su intensidad. Adicionalmente, fueron visibles las decisiones del Gobierno para mantener bajo el desempleo<\/p>\n","protected":false},"author":1,"featured_media":1131,"comment_status":"closed","ping_status":"closed","sticky":false,"template":"","format":"standard","meta":{"footnotes":""},"categories":[6],"tags":[],"class_list":["post-1130","post","type-post","status-publish","format-standard","has-post-thumbnail","hentry","category-opiniones"],"_links":{"self":[{"href":"http:\/\/argentinamunicipal.com.ar\/argentina\/wp-json\/wp\/v2\/posts\/1130","targetHints":{"allow":["GET"]}}],"collection":[{"href":"http:\/\/argentinamunicipal.com.ar\/argentina\/wp-json\/wp\/v2\/posts"}],"about":[{"href":"http:\/\/argentinamunicipal.com.ar\/argentina\/wp-json\/wp\/v2\/types\/post"}],"author":[{"embeddable":true,"href":"http:\/\/argentinamunicipal.com.ar\/argentina\/wp-json\/wp\/v2\/users\/1"}],"replies":[{"embeddable":true,"href":"http:\/\/argentinamunicipal.com.ar\/argentina\/wp-json\/wp\/v2\/comments?post=1130"}],"version-history":[{"count":0,"href":"http:\/\/argentinamunicipal.com.ar\/argentina\/wp-json\/wp\/v2\/posts\/1130\/revisions"}],"wp:featuredmedia":[{"embeddable":true,"href":"http:\/\/argentinamunicipal.com.ar\/argentina\/wp-json\/wp\/v2\/media\/1131"}],"wp:attachment":[{"href":"http:\/\/argentinamunicipal.com.ar\/argentina\/wp-json\/wp\/v2\/media?parent=1130"}],"wp:term":[{"taxonomy":"category","embeddable":true,"href":"http:\/\/argentinamunicipal.com.ar\/argentina\/wp-json\/wp\/v2\/categories?post=1130"},{"taxonomy":"post_tag","embeddable":true,"href":"http:\/\/argentinamunicipal.com.ar\/argentina\/wp-json\/wp\/v2\/tags?post=1130"}],"curies":[{"name":"wp","href":"https:\/\/api.w.org\/{rel}","templated":true}]}}