{"id":113010,"date":"2021-03-10T04:00:15","date_gmt":"2021-03-10T07:00:15","guid":{"rendered":"http:\/\/argentinamunicipal.com.ar\/argentina\/?p=113010"},"modified":"2021-03-09T20:43:33","modified_gmt":"2021-03-09T23:43:33","slug":"seguridad-piden-informes-a-la-provincia-de-santa-fe-sobre-el-destino-de-los-3-000-millones-enviados-por-nacion","status":"publish","type":"post","link":"http:\/\/argentinamunicipal.com.ar\/argentina\/seguridad-piden-informes-a-la-provincia-de-santa-fe-sobre-el-destino-de-los-3-000-millones-enviados-por-nacion\/","title":{"rendered":"Seguridad: piden informes a la Provincia de Santa Fe sobre el destino de los $3.000 millones enviados por Naci\u00f3n"},"content":{"rendered":"<p>Los diputados provinciales del Frente Progresista aseguran que el gobierno \u00aba\u00fan no invirti\u00f3\u00bb esos fondos y esa ayuda \u00abpodr\u00eda caducar\u00bb.<\/p>\n<p>Diputados del Frente Progresista C\u00edvico y Social pidieron a la provincia informes sobre la inversi\u00f3n de los 3 mil millones de pesos que Naci\u00f3n envi\u00f3 a Santa Fe para seguridad. El anunci\u00f3 fue hecho por el presidente Alberto Fern\u00e1ndez en su \u00faltima visita a Rosario.<\/p>\n<p>La diputada Calara Garc\u00eda, del Partido Socialista, asegur\u00f3 que\u00a0no se invirti\u00f3 ni un solo peso de esos fondos. \u201cEn septiembre pasado, el presidente le dijo a Perotti que prestara atenci\u00f3n a Rosario. Luego se firm\u00f3 el contrato y los\u00a0fondos\u00a0llegaron, pero por un decreto emitido en enero pasado, nos dimos cuenta de que como ese dinero no se us\u00f3 en 2020, se creaba otra vez la partida para este a\u00f1o. Pero los fondos no se usaron y no hay siquiera una licitaci\u00f3n en curso, al menos publicada\u201d, asegur\u00f3.<\/p>\n<p>En declaraciones al programa\u00a0\u201cTodos en La Ocho\u201d, la legisladora frentista estim\u00f3 que cuando el jueves el jefe de Estado llegue a Rosario\u00a0\u201cse va a sorprender, la licitaci\u00f3n para armamento est\u00e1 cuestionada por la justicia, y las otras son licitaciones normales de gesti\u00f3n, nada hay de inversi\u00f3n fuerte en materia de seguridad\u00bb.<\/p>\n<p>En ese sentido, la diputada rosarina dijo que el bloque opositor present\u00f3 un pedido de informes sobre este tema. Adem\u00e1s de Garc\u00eda, la iniciativa es impulsada por los frentistas Lionella Cattalini y Juan Cruz C\u00e1ndido.<\/p>\n<p>\u201cHay dos problemas, que la inseguridad requiere ocuparse r\u00e1pido e invertir y que cuando se firm\u00f3 el convenio, la provincia se comprometi\u00f3 a emplear el dinero en no m\u00e1s de 120 d\u00edas. Ese plazo est\u00e1 por cumplirse. Y puede que caduque esa asignaci\u00f3n de dinero\u201d, aclar\u00f3 la legisladora socialista.<\/p>\n<p>\u201cQueremos que el gobierno ponga en marcha ya el proyecto que tenga en materia de seguridad. Deber\u00eda aparecer en el Bolet\u00edn Oficial un llamado a licitaci\u00f3n para que se pongan manos a la obra r\u00e1pidamente\u201d, consider\u00f3.<\/p>\n<p>Garc\u00eda arriesg\u00f3 una explicaci\u00f3n a t\u00edtulo personal: \u201cHay mora en la utilizaci\u00f3n de fondos que data del a\u00f1o pasado. Se embarcaron en un megaproyecto que quiz\u00e1s va m\u00e1s lento de lo que esperaban\u201d.<\/p>\n<p>Por \u00faltimo, la diputada socialista opin\u00f3 sobre los pol\u00e9micos audios que se difundieron este luens del ministro de Seguridad, Marcleo Sain: \u201cEstoy sorprendida por sus declaraciones y por el silencio del gobernador. Hay una falta de respeto total a los santafesinos y santafesinas\u201d, se\u00f1al\u00f3.<\/p>\n<h6>Fuente: La Capital<\/h6>\n","protected":false},"excerpt":{"rendered":"<p>Los diputados provinciales del Frente Progresista aseguran que el gobierno \u00aba\u00fan no invirti\u00f3\u00bb esos fondos y esa ayuda \u00abpodr\u00eda caducar\u00bb.<\/p>\n","protected":false},"author":2,"featured_media":113011,"comment_status":"closed","ping_status":"closed","sticky":false,"template":"","format":"standard","meta":{"footnotes":""},"categories":[65],"tags":[10],"class_list":["post-113010","post","type-post","status-publish","format-standard","has-post-thumbnail","hentry","category-provincias","tag-santa-fe"],"_links":{"self":[{"href":"http:\/\/argentinamunicipal.com.ar\/argentina\/wp-json\/wp\/v2\/posts\/113010","targetHints":{"allow":["GET"]}}],"collection":[{"href":"http:\/\/argentinamunicipal.com.ar\/argentina\/wp-json\/wp\/v2\/posts"}],"about":[{"href":"http:\/\/argentinamunicipal.com.ar\/argentina\/wp-json\/wp\/v2\/types\/post"}],"author":[{"embeddable":true,"href":"http:\/\/argentinamunicipal.com.ar\/argentina\/wp-json\/wp\/v2\/users\/2"}],"replies":[{"embeddable":true,"href":"http:\/\/argentinamunicipal.com.ar\/argentina\/wp-json\/wp\/v2\/comments?post=113010"}],"version-history":[{"count":0,"href":"http:\/\/argentinamunicipal.com.ar\/argentina\/wp-json\/wp\/v2\/posts\/113010\/revisions"}],"wp:featuredmedia":[{"embeddable":true,"href":"http:\/\/argentinamunicipal.com.ar\/argentina\/wp-json\/wp\/v2\/media\/113011"}],"wp:attachment":[{"href":"http:\/\/argentinamunicipal.com.ar\/argentina\/wp-json\/wp\/v2\/media?parent=113010"}],"wp:term":[{"taxonomy":"category","embeddable":true,"href":"http:\/\/argentinamunicipal.com.ar\/argentina\/wp-json\/wp\/v2\/categories?post=113010"},{"taxonomy":"post_tag","embeddable":true,"href":"http:\/\/argentinamunicipal.com.ar\/argentina\/wp-json\/wp\/v2\/tags?post=113010"}],"curies":[{"name":"wp","href":"https:\/\/api.w.org\/{rel}","templated":true}]}}