{"id":113188,"date":"2021-03-15T06:44:12","date_gmt":"2021-03-15T09:44:12","guid":{"rendered":"http:\/\/argentinamunicipal.com.ar\/argentina\/?p=113188"},"modified":"2021-03-15T06:44:12","modified_gmt":"2021-03-15T09:44:12","slug":"la-ciudad-de-rosario-contara-con-mercados-sociales-en-distintas-plazas-y-vecinales","status":"publish","type":"post","link":"http:\/\/argentinamunicipal.com.ar\/argentina\/la-ciudad-de-rosario-contara-con-mercados-sociales-en-distintas-plazas-y-vecinales\/","title":{"rendered":"La ciudad de Rosario contar\u00e1 con Mercados Sociales en distintas plazas y vecinales"},"content":{"rendered":"<p>Este s\u00e1bado 13 se celebra el primer aniversario con ofertas en Juan Jos\u00e9 Paso y Campbell y a partir del lunes 15 se podr\u00e1n conseguir alimentos saludables a precios justos en distintos espacios.<\/p>\n<p>La Municipalidad de Rosario dispuso un nuevo cronograma de funcionamiento del Mercado Social a partir del lunes 15 de marzo, que pasar\u00e1 a funcionar con \u00abindependencia\u00bb de las ferias, a excepci\u00f3n de los d\u00edas martes en que compartir\u00e1 espacio con la Feria del Sur, que tiene lugar en San Mart\u00edn y Ayolas.<\/p>\n<p>El secretario de Desarrollo Humano y H\u00e1bitat, Nicol\u00e1s Gianelloni, sostuvo la importancia del Mercado Social, \u201cque tiene\u00a0una propuesta saludable, de productores locales y a precios justos, en los distintos barrios de la ciudad\u00bb.<\/p>\n<p>\u00abA partir de marzo, en el marco del programa Rosario Emprende, se duplica la cantidad de espacios entre plazas y espacios p\u00fablicos, que estar\u00e1n en funcionamiento de lunes a s\u00e1bados, para acercar a las vecinas y vecinos alimentos sanos directamente de la mano de productores de la ciudad, colaborando as\u00ed con la econom\u00eda de cooperativas y emprendimientos de la ciudad\u201d, agreg\u00f3.<\/p>\n<p>Por su parte, Geraldina Platero, de la Direcci\u00f3n de Ferias y Mercados de la Subsecretar\u00eda de Econom\u00eda Social, se\u00f1al\u00f3: \u201cLa idea de desdoblar el Mercado Social de las ferias y poder hacer dos mercados sociales por d\u00eda, y de esta manera llegar a la mayor cantidad de rosarinas y rosarinos para que puedan adquirir productos saludables a un muy buen precio\u201d.<\/p>\n<p>Adem\u00e1s, destac\u00f3 que estos mercados sociales fortalecen la presencia del Estado municipal en los diferentes barrios y espacios p\u00fablicos de la ciudad y de esta manera \u201cel municipio llega con propuestas saludables, ofertas de emprendedoras y emprendedores a m\u00e1s lugares de la ciudad\u201d.<\/p>\n<p>Cronograma<br \/>\nLas actividades del Mercado Social se desarrollar\u00e1n conforme al siguiente cronograma de d\u00edas y horarios:<\/p>\n<p>&#8211; Lunes: Mercado Social en las plazas San Mart\u00edn (C\u00f3rdoba, entre Moreno y Dorrego) y L\u00f3pez (avenida Pellegrini, entre Laprida y Buenos Aires), de 9 a 13 hs.<\/p>\n<p>&#8211; Martes: Mercado Social en la Feria de San Mart\u00edn y Ayolas, de 9 a 13 hs. y en plaza Alberdi (avenida Alberdi y Puccio), de 9 a 13 hs.<\/p>\n<p>&#8211; Jueves: Mercado Social en plaza Alicia Moreau de Justo (Rioja y Moreno) de 9 a13 hs. y en plaza Libertad (Mitre y Pasco) de 17 a 20 hs.<\/p>\n<p>&#8211; Viernes: Mercado Social en plaza L\u00f3pez de 9 a 13 hs.<\/p>\n<p>&#8211; S\u00e1bados: Mercado Social en distintas vecinales de la ciudad.<\/p>\n<h6>Fuente: Sin MOrdaza<\/h6>\n","protected":false},"excerpt":{"rendered":"<p>La Municipalidad de Rosario dispuso un nuevo cronograma de funcionamiento del Mercado Social a partir del lunes 15 de marzo<\/p>\n","protected":false},"author":2,"featured_media":113189,"comment_status":"closed","ping_status":"closed","sticky":false,"template":"","format":"standard","meta":{"footnotes":""},"categories":[2],"tags":[10],"class_list":["post-113188","post","type-post","status-publish","format-standard","has-post-thumbnail","hentry","category-informe-municipal","tag-santa-fe"],"_links":{"self":[{"href":"http:\/\/argentinamunicipal.com.ar\/argentina\/wp-json\/wp\/v2\/posts\/113188","targetHints":{"allow":["GET"]}}],"collection":[{"href":"http:\/\/argentinamunicipal.com.ar\/argentina\/wp-json\/wp\/v2\/posts"}],"about":[{"href":"http:\/\/argentinamunicipal.com.ar\/argentina\/wp-json\/wp\/v2\/types\/post"}],"author":[{"embeddable":true,"href":"http:\/\/argentinamunicipal.com.ar\/argentina\/wp-json\/wp\/v2\/users\/2"}],"replies":[{"embeddable":true,"href":"http:\/\/argentinamunicipal.com.ar\/argentina\/wp-json\/wp\/v2\/comments?post=113188"}],"version-history":[{"count":0,"href":"http:\/\/argentinamunicipal.com.ar\/argentina\/wp-json\/wp\/v2\/posts\/113188\/revisions"}],"wp:featuredmedia":[{"embeddable":true,"href":"http:\/\/argentinamunicipal.com.ar\/argentina\/wp-json\/wp\/v2\/media\/113189"}],"wp:attachment":[{"href":"http:\/\/argentinamunicipal.com.ar\/argentina\/wp-json\/wp\/v2\/media?parent=113188"}],"wp:term":[{"taxonomy":"category","embeddable":true,"href":"http:\/\/argentinamunicipal.com.ar\/argentina\/wp-json\/wp\/v2\/categories?post=113188"},{"taxonomy":"post_tag","embeddable":true,"href":"http:\/\/argentinamunicipal.com.ar\/argentina\/wp-json\/wp\/v2\/tags?post=113188"}],"curies":[{"name":"wp","href":"https:\/\/api.w.org\/{rel}","templated":true}]}}