{"id":113249,"date":"2021-03-16T06:20:46","date_gmt":"2021-03-16T09:20:46","guid":{"rendered":"http:\/\/argentinamunicipal.com.ar\/argentina\/?p=113249"},"modified":"2021-03-16T06:20:46","modified_gmt":"2021-03-16T09:20:46","slug":"rosario-buscan-reactivar-la-centrica-galeria-san-martin-hoy-asfixiada-por-las-deudas-y-plagada-de-locales-vacios","status":"publish","type":"post","link":"http:\/\/argentinamunicipal.com.ar\/argentina\/rosario-buscan-reactivar-la-centrica-galeria-san-martin-hoy-asfixiada-por-las-deudas-y-plagada-de-locales-vacios\/","title":{"rendered":"Rosario: Buscan reactivar la c\u00e9ntrica galer\u00eda San Mart\u00edn, hoy asfixiada por las deudas y plagada de locales vac\u00edos"},"content":{"rendered":"<p>Est\u00e1 en peatonal San Mart\u00edn al 800. El Concejo comienza a debatir hoy un proyecto que propone llevar all\u00ed a los emprendedores de la econom\u00eda social.<\/p>\n<p>Las galer\u00edas comerciales est\u00e1n entre los espacios m\u00e1s golpeados por la crisis que trajo la ca\u00edda del consumo y la pandemia, con \u00edndices de locales desocupados que est\u00e1n por encima de todas las mediciones que se vienen realizando. Sin embargo, algunas est\u00e1n m\u00e1s complicadas que otras y la Galer\u00eda San Mart\u00edn (San Mart\u00edn 876), un rinc\u00f3n casi olvidado construido en los a\u00f1os 60 en el coraz\u00f3n del microcentro de la ciudad es uno de esos casos. Ahora, el concejal justicialista Eduardo Toniolli impulsa un proyecto que se propone ayudar a la recuperaci\u00f3n del espacio a trav\u00e9s de condonaciones y refinanciaciones de las deudas que los titulares de los locales mantengan en materia de impuestos, pero fundamentalmente transformando el lugar en una oportunidad para otros: los emprendedores y trabajadores de la econom\u00eda popular. La idea de transformarla en el \u201cPaseo de la Econom\u00eda Social y Popular\u00bb se comenzar\u00e1 a trabajar hoy en la comisi\u00f3n de Producci\u00f3n del Concejo Municipal, incluso con la presencia de representantes del espacio comercial.<br \/>\nLa situaci\u00f3n de la galer\u00eda San Mart\u00edn, ubicada justo al lado de lo que supo ser el cine Heraldo, no es nueva. Sus seis plantas laber\u00ednticas, hacia arriba y abajo de la planta baja, est\u00e1n en franco deterioro. Quienes la conocieron en los a\u00f1os 60 y 70 a\u00fan recuerdan el acuario en uno de sus subsuelos: peceras llenas de carassius de colores a la venta.\u00a0De eso no queda nada m\u00e1s que casi todos sus locales vac\u00edos, vidrios rotos y tapados con papel, y hasta cerrados con candados.<\/p>\n<p>El caso espeja una realidad m\u00e1s global. El \u00faltimo relevamiento realizado por el Colegio de Corredores Inmobiliarios de la ciudad conjuntamente con la Universidad Nacional de Rosario (UNR) mostr\u00f3 que, en 290 manzanas, las galer\u00edas comerciales y el microcentro rosarino son los espacios donde m\u00e1s locales vac\u00edos se contabilizan.<\/p>\n<p>De hecho,\u00a0mientras la media de vacancia en la ciudad es del 12,9 por ciento, esa proporci\u00f3n en los locales ubicados dentro de paseos de estas caracter\u00edsticas se dispara por encima del 22 por ciento.\u00a0As\u00ed y todo, la situaci\u00f3n de este espacio es de un particular abandono, y en ese marco el concejal justicialista busca consensuar alternativas a partir de esta semana para reactivarlo.<\/p>\n<p><strong>Sumar emprendedores<\/strong><br \/>\nSi bien por ahora est\u00e1 pensado para esta galer\u00eda,\u00a0Toniolli ya analiza la posibilidad de que emprendedores de la Econom\u00eda Social y Popular puedan tener una oportunidad para ofertar sus productos y servicios en ese espacio, y si funciona, avanzar tambi\u00e9n en otros.<\/p>\n<p>Lo cierto es que por ahora la propuesta de sumar a estos actores de la ciudad en la revitalizaci\u00f3n del centro est\u00e1 pensada para la Galer\u00eda San Mart\u00edn y eso es lo que se discutir\u00e1 en la comisi\u00f3n, donde estar\u00e1n comerciantes que a\u00fan trabajan all\u00ed y propietarios de locales.<\/p>\n<p>El proyecto busca en una primera instancia relevar y contactar a la totalidad de los propietarios y promover convenios para afrontar las deudas de TGI que hayan contra\u00eddo con el municipio, adem\u00e1s de gestionar condonaciones y refinanciamiento de deudas de servicios e impuestos provinciales.<\/p>\n<p>El segundo paso, se detalla,\u00a0ser\u00e1 conformar all\u00ed a trav\u00e9s de las secretar\u00edas de Desarrollo Econ\u00f3mico y Empleo y de Desarrollo Humano y H\u00e1bitat, el Paseo de la Econom\u00eda Social y Popular.<\/p>\n<p>All\u00ed, lo que se podr\u00edan ofrecer son\u00a0\u201cfacilidades para la explotaci\u00f3n de los locales comerciales a emprendedores y productores de la econom\u00eda social y popular\u201d,\u00a0en una convocatoria a realizar a trav\u00e9s de los registros Nacional de Trabajadores y Trabajadoras de la Econom\u00eda Popular y de la Subsecretar\u00eda de Econom\u00eda Social.<\/p>\n<p><strong>Potencial<\/strong><br \/>\nEl proyecto no solo recalca \u201cel potencial\u201d que por su ubicaci\u00f3n tiene el espacio comercial, que viene deterior\u00e1ndose desde hace por lo menos dos d\u00e9cadas, sino que adem\u00e1s se\u00f1ala el escenario actual en el que \u201clas producciones de emprendedores rosarinos aumentaron y es conveniente apuntalarlas desde el Estado local\u00bb.<\/p>\n<p>Adem\u00e1s, destaca que la creaci\u00f3n del paseo no representa la necesidad de grandes inversiones y gastos, y \u00abpuede incentivar la revitalizaci\u00f3n de este espacio comercial, promoviendo adem\u00e1s a emprendedores y productores de la econom\u00eda social y popular\u201d.<\/p>\n<h6>Fuente: La capital<\/h6>\n","protected":false},"excerpt":{"rendered":"<p>Est\u00e1 en peatonal San Mart\u00edn al 800. El Concejo comienza a debatir hoy un proyecto que propone llevar all\u00ed a los emprendedores de la econom\u00eda social.<\/p>\n","protected":false},"author":2,"featured_media":113251,"comment_status":"closed","ping_status":"closed","sticky":false,"template":"","format":"standard","meta":{"footnotes":""},"categories":[2],"tags":[10],"class_list":["post-113249","post","type-post","status-publish","format-standard","has-post-thumbnail","hentry","category-informe-municipal","tag-santa-fe"],"_links":{"self":[{"href":"http:\/\/argentinamunicipal.com.ar\/argentina\/wp-json\/wp\/v2\/posts\/113249","targetHints":{"allow":["GET"]}}],"collection":[{"href":"http:\/\/argentinamunicipal.com.ar\/argentina\/wp-json\/wp\/v2\/posts"}],"about":[{"href":"http:\/\/argentinamunicipal.com.ar\/argentina\/wp-json\/wp\/v2\/types\/post"}],"author":[{"embeddable":true,"href":"http:\/\/argentinamunicipal.com.ar\/argentina\/wp-json\/wp\/v2\/users\/2"}],"replies":[{"embeddable":true,"href":"http:\/\/argentinamunicipal.com.ar\/argentina\/wp-json\/wp\/v2\/comments?post=113249"}],"version-history":[{"count":0,"href":"http:\/\/argentinamunicipal.com.ar\/argentina\/wp-json\/wp\/v2\/posts\/113249\/revisions"}],"wp:featuredmedia":[{"embeddable":true,"href":"http:\/\/argentinamunicipal.com.ar\/argentina\/wp-json\/wp\/v2\/media\/113251"}],"wp:attachment":[{"href":"http:\/\/argentinamunicipal.com.ar\/argentina\/wp-json\/wp\/v2\/media?parent=113249"}],"wp:term":[{"taxonomy":"category","embeddable":true,"href":"http:\/\/argentinamunicipal.com.ar\/argentina\/wp-json\/wp\/v2\/categories?post=113249"},{"taxonomy":"post_tag","embeddable":true,"href":"http:\/\/argentinamunicipal.com.ar\/argentina\/wp-json\/wp\/v2\/tags?post=113249"}],"curies":[{"name":"wp","href":"https:\/\/api.w.org\/{rel}","templated":true}]}}