{"id":11345,"date":"2014-07-11T09:06:31","date_gmt":"2014-07-11T12:06:31","guid":{"rendered":"http:\/\/argentinamunicipal.com.ar\/argentina\/?p=11345"},"modified":"2014-07-11T09:06:31","modified_gmt":"2014-07-11T12:06:31","slug":"soyem-bariloche-encontro-senales-de-alarma-en-la-economia-municipal","status":"publish","type":"post","link":"http:\/\/argentinamunicipal.com.ar\/argentina\/soyem-bariloche-encontro-senales-de-alarma-en-la-economia-municipal\/","title":{"rendered":"Soyem Bariloche encontr\u00f3 \u00abse\u00f1ales de alarma\u00bb en la econom\u00eda municipal"},"content":{"rendered":"<div id=\"attachment_11346\" style=\"width: 712px\" class=\"wp-caption aligncenter\"><a href=\"http:\/\/argentinamunicipal.com.ar\/argentina\/wp-content\/uploads\/2014\/07\/imagen2.jpg\"><img loading=\"lazy\" decoding=\"async\" aria-describedby=\"caption-attachment-11346\" class=\" wp-image-11346\" src=\"http:\/\/argentinamunicipal.com.ar\/argentina\/wp-content\/uploads\/2014\/07\/imagen2.jpg\" alt=\"El gremio elabora un documento de la situaci\u00f3n financiera\" width=\"702\" height=\"464\" srcset=\"http:\/\/argentinamunicipal.com.ar\/argentina\/wp-content\/uploads\/2014\/07\/imagen2.jpg 800w, http:\/\/argentinamunicipal.com.ar\/argentina\/wp-content\/uploads\/2014\/07\/imagen2-300x198.jpg 300w\" sizes=\"auto, (max-width: 702px) 100vw, 702px\" \/><\/a><p id=\"caption-attachment-11346\" class=\"wp-caption-text\">El gremio elabora un documento de la situaci\u00f3n financiera<\/p><\/div>\n<p>El gremio apunta a la recaudaci\u00f3n menor a la proyectada. Juan Fuentes, secretario adjunto, dijo que \u00abel super\u00e1vit se esfum\u00f3\u00bb.<\/p>\n<p>El secretario adjunto del Soyem, Juan Fuentes, dijo que la econom\u00eda municipal enfrenta se\u00f1ales de alarma debido a una recaudaci\u00f3n menor a la proyectada y por eso debi\u00f3 apelar otra vez a los giros en descubierto, que ya le generaron este a\u00f1o un costo financiero de 650 mil pesos.<\/p>\n<p>Aunque desde el gobierno municipal se\u00f1alaron que ese recurso fue utilizado para realizar obras y compras indispensables y que evit\u00f3 costos mayores, Fuentes dijo que la situaci\u00f3n est\u00e1 lejos de ser tranquilizadora.<\/p>\n<p>\u00abEl super\u00e1vit se esfum\u00f3\u00bb, sostuvo el dirigente. Record\u00f3 que la tasa de Inspecci\u00f3n, Seguridad e Higiene recaud\u00f3 en los primeros meses del a\u00f1o \u00abapenas la mitad\u00bb de lo previsto en el presupuesto.<\/p>\n<p>La \u00faltima rendici\u00f3n de cuentas publicada por el municipio, con cierre al 30 de abril, se\u00f1alaba que por TISH ingresaron 16,8 millones de pesos, cuando la proyecci\u00f3n para todo el a\u00f1o es de 62 millones.<\/p>\n<p>Fuentes opin\u00f3 que en parte los problemas econ\u00f3micos del municipio se deben al recambio en el equipo de funcionarios, que se produjo hace dos meses con la renuncia del ex secretario de Hacienda, Ariel Gomis, y su reemplazo por Guillermo P\u00e9rez Gallinger.<\/p>\n<p>El referente del Soyem dijo que \u00abesta situaci\u00f3n ya se vio en gestiones anteriores: el manejo de la administraci\u00f3n p\u00fablica es algo muy compleo y siempre es malo empezar otra vez de cero\u00bb.<\/p>\n<p>Consider\u00f3 que la reforma de la TISH aprobada a fines de 2013 no dio el resultado esperado porque \u00abno se la hace cumplir. El que m\u00e1s tiene nunca quiere pagar, y no paga si no se lo aprieta\u00bb.<\/p>\n<p>Dijo que el municipio no tendr\u00eda por qu\u00e9 usar giros en descubierto y si lo hace es porque \u00abevidentemente no puede cubrir las demandas b\u00e1sicas\u00bb. Dijo que el Soyem est\u00e1 atento a que ninguna de esas dificultades afecten el pago de salarios.<\/p>\n<p>Seg\u00fan Fuentes, el gremio ya hab\u00eda advertido a comienzos de a\u00f1o que habr\u00eda dificultades con la actual ecuaci\u00f3n de ingresos y egresos. Dijo que tienen en preparaci\u00f3n un documento sobre la situaci\u00f3n actual pero no decidieron todav\u00eda si s\u00f3lo ser\u00e1 para las autoridades municipales o tambi\u00e9n lo har\u00e1n p\u00fablico.<\/p>\n<p>Entre otras diferencias, se\u00f1al\u00f3 su adhesi\u00f3n a la ordenanza aprobada en marzo pasado para que el municipio se quede con los honorarios cobrados por los asesores letrados y que fue vetada por la intendenta Mar\u00eda Eugenia Martini. \u00abLa ordenanza estaba bien hecha y dec\u00eda lo mismo que nosotros propon\u00edamos desde hace tiempo -explic\u00f3-. Los asesores tienen que tener un buen sueldo y los horarios deben ir a la renta general\u00bb.<\/p>\n<h6>Fuente: R\u00edo Negro<\/h6>\n","protected":false},"excerpt":{"rendered":"<p>El gremio apunta a la recaudaci\u00f3n menor a la proyectada. Juan Fuentes, secretario adjunto, dijo que \u00abel super\u00e1vit se esfum\u00f3\u00bb. El secretario adjunto del Soyem, Juan Fuentes, dijo que la econom\u00eda municipal enfrenta se\u00f1ales de alarma debido a una recaudaci\u00f3n menor a la proyectada y por eso debi\u00f3 apelar otra vez a los giros en<\/p>\n","protected":false},"author":2,"featured_media":11346,"comment_status":"closed","ping_status":"closed","sticky":false,"template":"","format":"standard","meta":{"footnotes":""},"categories":[7],"tags":[11],"class_list":["post-11345","post","type-post","status-publish","format-standard","has-post-thumbnail","hentry","category-informe-sindical","tag-rio-negro"],"_links":{"self":[{"href":"http:\/\/argentinamunicipal.com.ar\/argentina\/wp-json\/wp\/v2\/posts\/11345","targetHints":{"allow":["GET"]}}],"collection":[{"href":"http:\/\/argentinamunicipal.com.ar\/argentina\/wp-json\/wp\/v2\/posts"}],"about":[{"href":"http:\/\/argentinamunicipal.com.ar\/argentina\/wp-json\/wp\/v2\/types\/post"}],"author":[{"embeddable":true,"href":"http:\/\/argentinamunicipal.com.ar\/argentina\/wp-json\/wp\/v2\/users\/2"}],"replies":[{"embeddable":true,"href":"http:\/\/argentinamunicipal.com.ar\/argentina\/wp-json\/wp\/v2\/comments?post=11345"}],"version-history":[{"count":0,"href":"http:\/\/argentinamunicipal.com.ar\/argentina\/wp-json\/wp\/v2\/posts\/11345\/revisions"}],"wp:featuredmedia":[{"embeddable":true,"href":"http:\/\/argentinamunicipal.com.ar\/argentina\/wp-json\/wp\/v2\/media\/11346"}],"wp:attachment":[{"href":"http:\/\/argentinamunicipal.com.ar\/argentina\/wp-json\/wp\/v2\/media?parent=11345"}],"wp:term":[{"taxonomy":"category","embeddable":true,"href":"http:\/\/argentinamunicipal.com.ar\/argentina\/wp-json\/wp\/v2\/categories?post=11345"},{"taxonomy":"post_tag","embeddable":true,"href":"http:\/\/argentinamunicipal.com.ar\/argentina\/wp-json\/wp\/v2\/tags?post=11345"}],"curies":[{"name":"wp","href":"https:\/\/api.w.org\/{rel}","templated":true}]}}