{"id":113498,"date":"2021-03-23T05:34:06","date_gmt":"2021-03-23T08:34:06","guid":{"rendered":"http:\/\/argentinamunicipal.com.ar\/argentina\/?p=113498"},"modified":"2021-03-22T19:39:13","modified_gmt":"2021-03-22T22:39:13","slug":"ferias-y-mercados-2021-mas-de-1-500-propuestas-en-toda-la-ciudad-de-rosario","status":"publish","type":"post","link":"http:\/\/argentinamunicipal.com.ar\/argentina\/ferias-y-mercados-2021-mas-de-1-500-propuestas-en-toda-la-ciudad-de-rosario\/","title":{"rendered":"Ferias y Mercados 2021: m\u00e1s de 1.500 propuestas en toda la ciudad de Rosario"},"content":{"rendered":"<p>El intendente Pablo Javkin presidi\u00f3 el anuncio de la programaci\u00f3n, con las fechas, lugares y opciones para acceder a esta variada oferta de la Econom\u00eda Social que cada a\u00f1o convoca mayor demanda.<\/p>\n<p>El intendente Pablo Javkin, junto al secretario de Desarrollo Humano y H\u00e1bitat, Nicol\u00e1s Gianelloni, present\u00f3 este viernes el Calendario de Ferias y Mercados de Econom\u00eda Social 2021, durante una recorrida por el tradicional espacio de comercializaci\u00f3n que funciona en la plaza Alberdi de Rondeau y Puccio.<\/p>\n<p>En ese marco -y como se informa cada a\u00f1o- se dieron a conocer todas las fechas y todas las opciones para acceder a esta variada oferta y nuevas propuestas afines a una modalidad de consumo que convoca d\u00eda a d\u00eda a m\u00e1s rosarinos y rosarinas.<\/p>\n<p>As\u00ed, a lo largo de 2021 est\u00e1n previstas m\u00e1s de 1.500 ferias y mercados de Econom\u00eda Social, entre estables y especiales, en m\u00faltiples barrios, en continuidad de las pol\u00edticas inclusivas y de promoci\u00f3n del empleo que desde hace m\u00e1s de dos d\u00e9cadas lleva a cabo la Municipalidad de Rosario.<\/p>\n<p>\u201cEn la ciudad trabajamos mucho para promover la econom\u00eda asociativa y la econom\u00eda popular a partir de los emprendedores, pero tambi\u00e9n a partir del comercio justo, de que la gente pueda acceder a muy buenos productos y eso combinarlo con ocupar el espacio p\u00fablico y extenderlo a distintos barrios de la ciudad\u201d, describi\u00f3 Javkin sobre el car\u00e1cter integral de las pol\u00edticas p\u00fablicas aplicadas en la materia.<\/p>\n<p>El intendente record\u00f3 que \u201cRosario tiene una red muy grande, muy valiosa, desde la producci\u00f3n ecol\u00f3gica a los emprendedores\u00bb. \u00abTenemos que multiplicarlo y eso es lo que estamos haciendo -ampli\u00f3-, por eso presentamos el calendario para todo el a\u00f1o, para que todo el mundo sepa que tiene estas 1.500 opciones para ir a comprar, algunas espec\u00edficas como las referidas a la vuelta a las clases o las navide\u00f1as, y otras habituales, con los productos tradicionales de las ferias y la producci\u00f3n de las huertas agroecol\u00f3gicas\u201d.<\/p>\n<p>\u201cEstas huertas son una marca de la ciudad, con m\u00e1s de dos d\u00e9cadas de producir en forma org\u00e1nica y de entender tambi\u00e9n que hay espacios disponibles para la producci\u00f3n y pueden ser apropiados socialmente, y vamos a profundizarlo\u201d, dijo el intendente y mencion\u00f3 el caso m\u00e1s reciente, el Parque Huerta Oeste, desarrollado en un terreno cedido por una f\u00e1brica, seg\u00fan una modalidad sobre la que pr\u00f3ximamente llegar\u00e1n nuevas experiencias.<\/p>\n<p><strong>Calidad a buen precio<\/strong><br \/>\nPor su parte, Gianelloni precis\u00f3 que entre las 1.500 opciones programadas \u201ctendremos 500 ferias verdes, 400 mercados sociales, 535 ferias autogestivas, 7 ediciones del Biomercado, 14 ediciones de las ferias Rosarigasinas y las ferias especiales\u00bb, todo ello para \u00abllegar con productos de emprendedores que generan empleo en la ciudad y productos de calidad a buen precio\u201d.<\/p>\n<p>\u201cEsta multiplicidad de propuestas nos permite que todo emprendedor o emprendedora que ingresa al programa Rosario Emprende pueda tener un lugar en ferias despu\u00e9s de hacer la capacitaci\u00f3n previa, ampliando la red y llegando a barrios a los que nunca llegamos\u201d, explic\u00f3 el secretario de Desarrollo Social.<\/p>\n<p>Y en el mismo sentido que Javkin, abund\u00f3 que \u201cla idea es que estas ferias se realicen en espacios p\u00fablicos, para generar convivencia y seguridad en los barrios, para que estos lugares est\u00e9n tomados por emprendedores, vecinos y vecinas que vienen a comprar\u201d.<\/p>\n<p><strong>Las propuestas<\/strong><br \/>\nLas ferias autogestivas. Apuntan a promover entre las y los emprendedores rosarinos de la econom\u00eda social un espacio de comercializaci\u00f3n de sus productos, para una mayor autonom\u00eda, compromiso, participaci\u00f3n y cooperaci\u00f3n entre los mismos feriantes. Est\u00e1n dise\u00f1adas, implementadas y monitoreadas a partir de un marco de acuerdos y corresponsabilidad entre los feriantes organizados y la Subsecretar\u00eda de Econom\u00eda Social de la Municipalidad.<\/p>\n<p>Biomercado. Es un paseo sustentable que, adem\u00e1s de ser un canal de comercializaci\u00f3n, promociona el cuidado del medioambiente, el aprovechamiento de los recursos y la importancia de una alimentaci\u00f3n saludable. Se realiza todos los fines de semana largos del a\u00f1o, agrupando a emprendedores\/as de diversos rubros, y ya se convirti\u00f3 en una marca registrada de la econom\u00eda social de la ciudad.<\/p>\n<p>Ferias Verdes. Constituyen un espacio de comercializaci\u00f3n que permite la compra directa, favoreciendo el comercio de cercan\u00eda para todos los vecinos y vecinas de la ciudad. Asimismo, estas ferias promueven la convivencia, inclusi\u00f3n, aprendizaje y difusi\u00f3n de los valores de la econom\u00eda social. All\u00ed se pueden encontrar productos de calidad, org\u00e1nicos, naturales y artesanales.<\/p>\n<h6>Fuente: El Litoral<\/h6>\n","protected":false},"excerpt":{"rendered":"<p>El intendente Pablo Javkin presidi\u00f3 el anuncio de la programaci\u00f3n, con las fechas, lugares y opciones para acceder a esta variada oferta de la Econom\u00eda Social que cada a\u00f1o convoca mayor demanda.<\/p>\n","protected":false},"author":2,"featured_media":113499,"comment_status":"closed","ping_status":"closed","sticky":false,"template":"","format":"standard","meta":{"footnotes":""},"categories":[2],"tags":[10],"class_list":["post-113498","post","type-post","status-publish","format-standard","has-post-thumbnail","hentry","category-informe-municipal","tag-santa-fe"],"_links":{"self":[{"href":"http:\/\/argentinamunicipal.com.ar\/argentina\/wp-json\/wp\/v2\/posts\/113498","targetHints":{"allow":["GET"]}}],"collection":[{"href":"http:\/\/argentinamunicipal.com.ar\/argentina\/wp-json\/wp\/v2\/posts"}],"about":[{"href":"http:\/\/argentinamunicipal.com.ar\/argentina\/wp-json\/wp\/v2\/types\/post"}],"author":[{"embeddable":true,"href":"http:\/\/argentinamunicipal.com.ar\/argentina\/wp-json\/wp\/v2\/users\/2"}],"replies":[{"embeddable":true,"href":"http:\/\/argentinamunicipal.com.ar\/argentina\/wp-json\/wp\/v2\/comments?post=113498"}],"version-history":[{"count":0,"href":"http:\/\/argentinamunicipal.com.ar\/argentina\/wp-json\/wp\/v2\/posts\/113498\/revisions"}],"wp:featuredmedia":[{"embeddable":true,"href":"http:\/\/argentinamunicipal.com.ar\/argentina\/wp-json\/wp\/v2\/media\/113499"}],"wp:attachment":[{"href":"http:\/\/argentinamunicipal.com.ar\/argentina\/wp-json\/wp\/v2\/media?parent=113498"}],"wp:term":[{"taxonomy":"category","embeddable":true,"href":"http:\/\/argentinamunicipal.com.ar\/argentina\/wp-json\/wp\/v2\/categories?post=113498"},{"taxonomy":"post_tag","embeddable":true,"href":"http:\/\/argentinamunicipal.com.ar\/argentina\/wp-json\/wp\/v2\/tags?post=113498"}],"curies":[{"name":"wp","href":"https:\/\/api.w.org\/{rel}","templated":true}]}}