{"id":113563,"date":"2021-03-25T05:26:01","date_gmt":"2021-03-25T08:26:01","guid":{"rendered":"http:\/\/argentinamunicipal.com.ar\/argentina\/?p=113563"},"modified":"2021-03-24T20:39:32","modified_gmt":"2021-03-24T23:39:32","slug":"incorporaron-a-santa-fe-al-camino-internacional-de-los-jesuitas","status":"publish","type":"post","link":"http:\/\/argentinamunicipal.com.ar\/argentina\/incorporaron-a-santa-fe-al-camino-internacional-de-los-jesuitas\/","title":{"rendered":"Incorporaron a Santa Fe al Camino Internacional de los Jesuitas"},"content":{"rendered":"<p>El secretario de Turismo de la provincia, Alejandro Grandinetti, dialog\u00f3 con Ma\u00f1ana OH!. \u00abEl recorrido internacional jesu\u00edtico, era un anhelo que ten\u00edamos los santafesinos. Aporta mucho a la ciudad de Santa Fe\u201d, indic\u00f3.<\/p>\n<p>La Manzana Jesu\u00edtica de Santa Fe\u00a0fue formalmente incorporada a la\u00a0oferta tur\u00edstica vinculada al patrimonio jesuita en Argentina: el\u00a0Camino de los Jesuitas. Se trata de un reconocimiento importante al valor patrimonial del espacio no s\u00f3lo para la ciudad sino para todo el continente.<\/p>\n<p>En agosto del a\u00f1o pasado, el intendente\u00a0Emilio Jat\u00f3n\u00a0encabez\u00f3 la\u00a0postulaci\u00f3n de la Manzana Jesu\u00edtica, proceso que pudo efectivizarse gracias al trabajo conjunto con el\u00a0Colegio Inmaculada Concepci\u00f3n y la Secretaria de Turismo de la provincia de Santa Fe.<\/p>\n<p>Alejandro Grandinetti, secretario de\u00a0Turismo de la provincia de Santa Fe, dialog\u00f3 con\u00a0Ma\u00f1ana OH! por Radio CADENA OH!, y se\u00f1al\u00f3 que \u201cel recorrido internacional jesu\u00edtico, era un anhelo que ten\u00edamos los santafesinos. Esto le aporta mucho a la\u00a0ciudad de Santa Fe\u201d. \u201cEs algo muy lindo para recorrerlo\u201d, agreg\u00f3 el secretario.<\/p>\n<p>En cuanto a la influencia que pudo haber tenido el Papa Francisco en esta designaci\u00f3n\u00a0 internacional, Grandinetti indic\u00f3: \u201cCreo que hay muchos elementos para que el Papa Francisco haya colaborado para esto. Probablemente se ponga muy contento con esto. Aqu\u00ed tenemos una formidable riqueza\u201d.<\/p>\n<p>Asimismo, el secretario de Turismo de la provincia se refiri\u00f3 a la posibilidad de crear una\u00a0Agencia de Turismo, tal como sucede en\u00a0C\u00f3rdoba, donde el gobierno de la provincia, interfiere directamente en la\u00a0oferta tur\u00edstica anual: \u201cYo creo que ese tiene que ser el camino, ser\u00eda un buen instrumento\u201d.<\/p>\n<p>Por \u00faltimo, Grandinetti se\u00f1al\u00f3 que la provincia de\u00a0Santa Fe tiene\u00a0\u00abque estar mucho m\u00e1s cerca de la provincia de\u00a0Entre R\u00edos, que es la tercera provincia m\u00e1s elegida del pa\u00eds en Turismo\u201d.<\/p>\n<p>Por otro lado, es importante destacar que el\u00a0turismo religioso\u00a0moviliza a miles de personas a lo\u00a0largo y ancho del mundo.\u00a0Particularmente en\u00a0Latinoam\u00e9rica\u00a0la historia vinculada a la tarea de la\u00a0Compa\u00f1\u00eda de Jes\u00fas\u00a0une pa\u00edses como\u00a0Brasil, Paraguay, Uruguay, Bolivia y Argentina, y rescata un importante acervo\u00a0cultural, educativo, cient\u00edfico y religioso.<\/p>\n<p><strong>Los Jesuitas en Santa Fe<\/strong><br \/>\nEl legado de los jesuitas en la capital provincial cuenta con una historia de 411 a\u00f1os. El de la\u00a0Inmaculada Concepci\u00f3n es el primer colegio de esa orden del pa\u00eds. A lo largo de los a\u00f1os, la instituci\u00f3n fue escenario de diversos eventos relevantes, desde alojar a los\u00a0Constituyentes que redactaron la Constituci\u00f3n Nacional de 1853\u00a0hasta ser el lugar elegido por\u00a0Jorge Begoglio -actual Papa Francisco- para formarse como jesuita entre 1964 y 1965 hasta reportar sucesos milagrosos en la\u00a0Iglesia Nuestra Se\u00f1ora de los Milagros, la m\u00e1s antigua de la provincia.<\/p>\n<p>El emblem\u00e1tico edificio ubicado en el barrio Sur, tuvo un rol central en diversos aspectos de la sociedad santafesina.\u00a0Como\u00a0centro de conocimiento\u00a0y destinado al\u00a0saber cient\u00edfico\u00a0all\u00ed se instal\u00f3 el primer observatorio astron\u00f3mico de la regi\u00f3n. Como\u00a0espacio educativo\u00a0aloj\u00f3 tanto en el plantel docente a destacados personajes y convoc\u00f3 invitados que llegaron a intercambiar saberes con los estudiantes del\u00a0Colegio, como Jorge Luis Borges.\u00a0Incluso, dentro del plantel de estudiantes cont\u00f3 con nombres como el de\u00a0Agust\u00edn Zapata Goll\u00e1n, quien se gradu\u00f3 all\u00ed y fue un destacado\u00a0pol\u00edtico, arque\u00f3logo e historiador.<\/p>\n<h6>Fuente: Sin Mordaza<\/h6>\n","protected":false},"excerpt":{"rendered":"<p>El secretario de Turismo de la provincia, Alejandro Grandinetti, dialog\u00f3 con Ma\u00f1ana OH!. \u00abEl recorrido internacional jesu\u00edtico, era un anhelo que ten\u00edamos los santafesinos. Aporta mucho a la ciudad de Santa Fe\u201d, indic\u00f3.<\/p>\n","protected":false},"author":2,"featured_media":113564,"comment_status":"closed","ping_status":"closed","sticky":false,"template":"","format":"standard","meta":{"footnotes":""},"categories":[2],"tags":[10],"class_list":["post-113563","post","type-post","status-publish","format-standard","has-post-thumbnail","hentry","category-informe-municipal","tag-santa-fe"],"_links":{"self":[{"href":"http:\/\/argentinamunicipal.com.ar\/argentina\/wp-json\/wp\/v2\/posts\/113563","targetHints":{"allow":["GET"]}}],"collection":[{"href":"http:\/\/argentinamunicipal.com.ar\/argentina\/wp-json\/wp\/v2\/posts"}],"about":[{"href":"http:\/\/argentinamunicipal.com.ar\/argentina\/wp-json\/wp\/v2\/types\/post"}],"author":[{"embeddable":true,"href":"http:\/\/argentinamunicipal.com.ar\/argentina\/wp-json\/wp\/v2\/users\/2"}],"replies":[{"embeddable":true,"href":"http:\/\/argentinamunicipal.com.ar\/argentina\/wp-json\/wp\/v2\/comments?post=113563"}],"version-history":[{"count":0,"href":"http:\/\/argentinamunicipal.com.ar\/argentina\/wp-json\/wp\/v2\/posts\/113563\/revisions"}],"wp:featuredmedia":[{"embeddable":true,"href":"http:\/\/argentinamunicipal.com.ar\/argentina\/wp-json\/wp\/v2\/media\/113564"}],"wp:attachment":[{"href":"http:\/\/argentinamunicipal.com.ar\/argentina\/wp-json\/wp\/v2\/media?parent=113563"}],"wp:term":[{"taxonomy":"category","embeddable":true,"href":"http:\/\/argentinamunicipal.com.ar\/argentina\/wp-json\/wp\/v2\/categories?post=113563"},{"taxonomy":"post_tag","embeddable":true,"href":"http:\/\/argentinamunicipal.com.ar\/argentina\/wp-json\/wp\/v2\/tags?post=113563"}],"curies":[{"name":"wp","href":"https:\/\/api.w.org\/{rel}","templated":true}]}}