{"id":1136,"date":"2014-02-15T14:30:09","date_gmt":"2014-02-15T17:30:09","guid":{"rendered":"http:\/\/argentinamunicipal.com.ar\/argentina\/?p=1136"},"modified":"2014-02-15T14:30:09","modified_gmt":"2014-02-15T17:30:09","slug":"este-gobierno-no-representa-solo-a-la-camara-de-comercio","status":"publish","type":"post","link":"http:\/\/argentinamunicipal.com.ar\/argentina\/este-gobierno-no-representa-solo-a-la-camara-de-comercio\/","title":{"rendered":"\u00abEste Gobierno no representa s\u00f3lo a la C\u00e1mara de Comercio\u00bb"},"content":{"rendered":"<p>La Intendente de Bariloche, Mar\u00eda Eugenia Martini, realiz\u00f3 duras declaraciones sobre la C\u00e1mara de comercio, cuyos representantes estuvieron este mi\u00e9rcoles en el Concejo reclamando la regulaci\u00f3n de la venta ambulante.<\/p>\n<p>La Intendente Mar\u00eda Eugenia Martini carg\u00f3 duramente contra la C\u00e1mara de comercio, luego de que los representantes de la instituci\u00f3n reclamen mayores controles sobre la venta ambulante.<\/p>\n<p>\u00abAs\u00ed como hablaron en el Concejo, me gustar\u00eda que en esa reuni\u00f3n se haya hablado del aumento de precios\u00bb dijo Martini, en relaci\u00f3n al encuentro que mantuvieron los ediles con comerciantes de Bariloche y el Vicepresidente de la C\u00e1mara, Eduardo Caspani.<\/p>\n<p>Adem\u00e1s acus\u00f3 a los comerciantes de \u00abhaber duplicado sus ventas en un 50% u 80%\u00bb.<\/p>\n<p>Luego, sostuvo que \u00abeste Gobierno no representa s\u00f3lo a la C\u00e1mara de Comercio sino a todos los ciudadanos de Bariloche\u00bb y que \u00abvan a tomar acciones\u00bb respecto a la venta irregular.<\/p>\n<p>La venta ambulante es un problema que creci\u00f3 en Bariloche durante los \u00faltimos meses, y se hace m\u00e1s visible en las temporadas altas, en las cuales los manteros se instalan en la principal calle que los turistas transitan para realizar sus ventas. La calle Onelli tambi\u00e9n se ha colmado de comercios ilegales.<\/p>\n<p>Estas irregularidades desencadenaron una serie de reclamos de los comerciantes de Bariloche y este mi\u00e9rcoles exigieron que los Concejales tomen cartas en el asunto.<\/p>\n<h6>Fuente: Bariloche 2000<\/h6>\n","protected":false},"excerpt":{"rendered":"<p>La Intendente de Bariloche, Mar\u00eda Eugenia Martini, realiz\u00f3 duras declaraciones sobre la C\u00e1mara de comercio, cuyos representantes estuvieron este mi\u00e9rcoles en el Concejo reclamando la regulaci\u00f3n de la venta ambulante. La Intendente Mar\u00eda Eugenia Martini carg\u00f3 duramente contra la C\u00e1mara de comercio, luego de que los representantes de la instituci\u00f3n reclamen mayores controles sobre la<\/p>\n","protected":false},"author":1,"featured_media":1137,"comment_status":"closed","ping_status":"closed","sticky":false,"template":"","format":"standard","meta":{"footnotes":""},"categories":[2],"tags":[11],"class_list":["post-1136","post","type-post","status-publish","format-standard","has-post-thumbnail","hentry","category-informe-municipal","tag-rio-negro"],"_links":{"self":[{"href":"http:\/\/argentinamunicipal.com.ar\/argentina\/wp-json\/wp\/v2\/posts\/1136","targetHints":{"allow":["GET"]}}],"collection":[{"href":"http:\/\/argentinamunicipal.com.ar\/argentina\/wp-json\/wp\/v2\/posts"}],"about":[{"href":"http:\/\/argentinamunicipal.com.ar\/argentina\/wp-json\/wp\/v2\/types\/post"}],"author":[{"embeddable":true,"href":"http:\/\/argentinamunicipal.com.ar\/argentina\/wp-json\/wp\/v2\/users\/1"}],"replies":[{"embeddable":true,"href":"http:\/\/argentinamunicipal.com.ar\/argentina\/wp-json\/wp\/v2\/comments?post=1136"}],"version-history":[{"count":0,"href":"http:\/\/argentinamunicipal.com.ar\/argentina\/wp-json\/wp\/v2\/posts\/1136\/revisions"}],"wp:featuredmedia":[{"embeddable":true,"href":"http:\/\/argentinamunicipal.com.ar\/argentina\/wp-json\/wp\/v2\/media\/1137"}],"wp:attachment":[{"href":"http:\/\/argentinamunicipal.com.ar\/argentina\/wp-json\/wp\/v2\/media?parent=1136"}],"wp:term":[{"taxonomy":"category","embeddable":true,"href":"http:\/\/argentinamunicipal.com.ar\/argentina\/wp-json\/wp\/v2\/categories?post=1136"},{"taxonomy":"post_tag","embeddable":true,"href":"http:\/\/argentinamunicipal.com.ar\/argentina\/wp-json\/wp\/v2\/tags?post=1136"}],"curies":[{"name":"wp","href":"https:\/\/api.w.org\/{rel}","templated":true}]}}