{"id":113669,"date":"2021-03-29T06:37:39","date_gmt":"2021-03-29T09:37:39","guid":{"rendered":"http:\/\/argentinamunicipal.com.ar\/argentina\/?p=113669"},"modified":"2021-03-29T06:37:39","modified_gmt":"2021-03-29T09:37:39","slug":"insolito-los-paradores-que-estan-en-la-unica-isla-rosarina-tributan-en-victoria","status":"publish","type":"post","link":"http:\/\/argentinamunicipal.com.ar\/argentina\/insolito-los-paradores-que-estan-en-la-unica-isla-rosarina-tributan-en-victoria\/","title":{"rendered":"Ins\u00f3lito: los paradores que est\u00e1n en la \u00fanica isla rosarina tributan en Victoria"},"content":{"rendered":"<p>Conocida como Banquito San Andr\u00e9s, es jurisdicci\u00f3n de Santa Fe, pero los due\u00f1os de recreos y bares cuentan que realizan toda la actividad burocr\u00e1tica y registral en Entre R\u00edos. All\u00ed crece adem\u00e1s la construcci\u00f3n de viviendas.<\/p>\n<p>Por\u00a0Alicia Salinas<\/p>\n<p>El Banquito re\u00fane cada verano a miles de rosarinos y turistas.<\/p>\n<p>Mientras el Concejo Municipal reclama datos oficiales del Departamento Ejecutivo y del gobierno santafesino sobre los usos de la tierra en la isla Sabino Corsi, de dominio p\u00fablico rosarino, los emprendimientos privados all\u00ed instalados tributan y tramitan habilitaciones y registros a trav\u00e9s del municipio de Victoria, Entre R\u00edos, desde hace por lo menos 20 a\u00f1os. As\u00ed lo confirmaron los due\u00f1os de los paradores hist\u00f3ricos del Banquito San Andr\u00e9s, como se conoce popularmente a este territorio de gran valor ecol\u00f3gico y tur\u00edstico.<br \/>\nDe 200 hect\u00e1reas, se extiende frente a la costa local en coincidencia con el extremo sur del parque Urquiza y la desembocadura del arroyo Saladillo.\u00a0La isla Ingeniero Sabino Corsi fue incluida en el catastro de la provincia de Santa Fe en 1994 y tres a\u00f1os m\u00e1s tarde el Poder Ejecutivo la entreg\u00f3 en comodato al Ente Administrador del Puerto Rosario (Enapro), que qued\u00f3 a cargo desde entonces.\u00a0En septiembre de 2020, el Concejo Municipal la declar\u00f3 por ordenanza Distrito de Gesti\u00f3n Ambiental, lo que implica generar de aqu\u00ed en m\u00e1s normativa y regulaciones al respecto, mientras que el Ministerio de Ambiente de Santa Fe pretende sumarla como \u00e1rea protegida y hace seis meses el mismo Enapro intim\u00f3 a paradores, playas y pobladores a que regularicen su situaci\u00f3n en las oficinas rosarinas del organismo.<br \/>\nSin embargo,\u00a0en el Banquito contin\u00faan pagando impuestos a la provincia de Entre R\u00edos, adecu\u00e1ndose a sus reglamentaciones y protocolos y hasta recurriendo por razones de salud o de seguridad al Charig\u00fc\u00e9, seg\u00fan afirmaron Pablo Azar, de los paradores D\u00e9j\u00e0 Vu y Sudestada; Viviana Nogara, de Punta Arenas; y Juan Carlos Della Gaspera, de Vladimir.<\/p>\n<p>Territorio ajeno<\/p>\n<p>Este \u00faltimo record\u00f3 que al decidir abrir un negocio en la isla, en 1994, recurri\u00f3 a la Municipalidad a pedir habilitaciones, pero en dos oportunidades le respondieron en sendos expedientes que el territorio era ajeno a su jurisdicci\u00f3n. No le pas\u00f3 lo mismo en Victoria, donde avanz\u00f3 con planos, mensuras, controles y habilitaciones.\u00a0\u201cSi tengo que tributar a Santa Fe lo har\u00e9, pero la notificaci\u00f3n tiene que venir desde Entre R\u00edos\u201d, consider\u00f3 Della Gaspera, empresario rosarino de 55 a\u00f1os poseedor de 15 hect\u00e1reas de terreno.<\/p>\n<p>Nogara atiende a\u00a0La Capital\u00a0desde el parador que regentea y que es tambi\u00e9n su hogar desde hace una d\u00e9cada. La mujer de 48 a\u00f1os se define como \u201cla primera habitante legal del banco de arena\u201d. De hecho su DNI reza que reside en \u201cVictoria, Entre R\u00edos, zona de islas\u201d. \u201cMis padres fueron los primeros en poner un bar ac\u00e1 cuando todo se inundaba y en 1989 tuvimos que contratar a un agrimensor de Victoria para hacer la mensura del terreno, algo que no ten\u00eda antecedentes en el banco. No somos usurpadores, tenemos todo en regla\u201d, insisti\u00f3 la due\u00f1a de Punta Arenas, que ofrece servicio de \u201cestacionamiento\u201d de lanchas particulares, bar y restaurante.<\/p>\n<p>\u201cNosotros cuidamos el lugar, lo mantenemos y protegemos. Pagamos tasa general de inmuebles e inmobiliario, adem\u00e1s de ingresos brutos. Servicios no porque ac\u00e1 no hay nada, es muy duro vivir en invierno\u201d, revel\u00f3 Nogara.\u00a0As\u00ed y todo \u201ccon los a\u00f1os fue creciendo el nivel de ocupaci\u00f3n, hay muchas viviendas del otro lado (por la ribera oeste que limita con un brazo o canal natural del r\u00edo Paran\u00e1)\u201d.<\/p>\n<p>\u201cEn los \u00faltimos dos o tres a\u00f1os hubo una explosi\u00f3n de ocupaciones de terrenos ociosos. Hay una casa al lado de la otra, el Enapro tiene censadas unas 70 u 80\u201d, describi\u00f3 Azar, que trabaja con los visitantes que llegan a la costa en lancha de pasajeros, algo que no sucede desde marzo del a\u00f1o pasado, cuando se suspendi\u00f3 la salida desde el embarcadero de la Estaci\u00f3n Fluvial.\u00a0El propietario de D\u00e9j\u00e0 Vu y Sudestada, \u201cde 62 a\u00f1os y 42 de isla\u201d, resumi\u00f3 que los paradores tradicionales del Banquito (ubicados sobre la costa que da a Rosario) se encuentran sobre terrenos fiscales con posesi\u00f3n de los lotes y posibilidad de escriturar a trav\u00e9s del mecanismo de usucapi\u00f3n.<\/p>\n<p>Frente a la notificaci\u00f3n que le curs\u00f3 el Enapro en septiembre pasado, firmada por su actual presidente, Guillermo Miguel, Azar acompa\u00f1\u00f3 documentaci\u00f3n. \u201cFue la primera vez que me pidieron algo en veinte a\u00f1os; es m\u00e1s, si quieren venir del Concejo o de la Municipalidad a pedir informes no tengo problemas: esto no es un para\u00edso fiscal donde nadie paga nada\u201d, advirti\u00f3. Tambi\u00e9n se quej\u00f3 de que \u201ccuando hubo problemas, no tuvimos respuesta de Santa Fe ni de Entre R\u00edos, somos unos parias. Cuando se prende fuego en la isla no viene nadie, lo apagamos nosotros. El Estado no est\u00e1 presente\u201d.<\/p>\n<p>En eso coincidi\u00f3 Della Gaspera, que arriesg\u00f3 a este conflicto de intereses y jurisdicciones interprovinciales \u201clo terminar\u00e1 resolviendo la Corte Suprema de la Naci\u00f3n\u201d. Mientras tanto, la isla se sigue poblando y m\u00e1s all\u00e1 de los datos oficiales provistos de uno u otro lado del r\u00edo, im\u00e1genes satelitales disponibles en plataformas online dan cuenta de ello.<\/p>\n<p>Qui\u00e9n, cu\u00e1ndo, c\u00f3mo<br \/>\nLa edila Fernanda Gigliani, presidenta de la Comisi\u00f3n de Planeamiento del Concejo, impuls\u00f3 un pedido de informes que fue aprobado por segunda vez este jueves en el Palacio Vasallo ya que el cuerpo desconoce la naturaleza jur\u00eddica de la cesi\u00f3n de los lotes donde se alzan emprendimientos privados o casas particulares en la isla Ingeniero Sabino Corsi, un lugar elegido por rosarinos y turistas sobre todo para disfrutar de la temporada estival.<\/p>\n<p>Sin embargo, este verano no hubo cruces ni excursiones de lanchas de pasajeros desde la Estaci\u00f3n Fluvial, cuyo embarcadero fue suspendido hasta nuevo aviso. A diferencia de lo que sucede en el norte de la ciudad, donde se encuentran habilitados en la Rambla Catalunya y Costa Alta puntos de salida de lanchas taxi hacia La Invernada y el Paran\u00e1 Viejo, en las \u00e1reas central y en el sur esto no ocurre.<\/p>\n<h6>Fuente: La Capital<\/h6>\n","protected":false},"excerpt":{"rendered":"<p>Conocida como Banquito San Andr\u00e9s, es jurisdicci\u00f3n de Santa Fe, pero los due\u00f1os de recreos y bares cuentan que realizan toda la actividad burocr\u00e1tica y registral en Entre R\u00edos. All\u00ed crece adem\u00e1s la construcci\u00f3n de viviendas.<\/p>\n","protected":false},"author":2,"featured_media":113672,"comment_status":"closed","ping_status":"closed","sticky":false,"template":"","format":"standard","meta":{"footnotes":""},"categories":[2],"tags":[10],"class_list":["post-113669","post","type-post","status-publish","format-standard","has-post-thumbnail","hentry","category-informe-municipal","tag-santa-fe"],"_links":{"self":[{"href":"http:\/\/argentinamunicipal.com.ar\/argentina\/wp-json\/wp\/v2\/posts\/113669","targetHints":{"allow":["GET"]}}],"collection":[{"href":"http:\/\/argentinamunicipal.com.ar\/argentina\/wp-json\/wp\/v2\/posts"}],"about":[{"href":"http:\/\/argentinamunicipal.com.ar\/argentina\/wp-json\/wp\/v2\/types\/post"}],"author":[{"embeddable":true,"href":"http:\/\/argentinamunicipal.com.ar\/argentina\/wp-json\/wp\/v2\/users\/2"}],"replies":[{"embeddable":true,"href":"http:\/\/argentinamunicipal.com.ar\/argentina\/wp-json\/wp\/v2\/comments?post=113669"}],"version-history":[{"count":0,"href":"http:\/\/argentinamunicipal.com.ar\/argentina\/wp-json\/wp\/v2\/posts\/113669\/revisions"}],"wp:featuredmedia":[{"embeddable":true,"href":"http:\/\/argentinamunicipal.com.ar\/argentina\/wp-json\/wp\/v2\/media\/113672"}],"wp:attachment":[{"href":"http:\/\/argentinamunicipal.com.ar\/argentina\/wp-json\/wp\/v2\/media?parent=113669"}],"wp:term":[{"taxonomy":"category","embeddable":true,"href":"http:\/\/argentinamunicipal.com.ar\/argentina\/wp-json\/wp\/v2\/categories?post=113669"},{"taxonomy":"post_tag","embeddable":true,"href":"http:\/\/argentinamunicipal.com.ar\/argentina\/wp-json\/wp\/v2\/tags?post=113669"}],"curies":[{"name":"wp","href":"https:\/\/api.w.org\/{rel}","templated":true}]}}