{"id":113775,"date":"2021-04-01T05:12:21","date_gmt":"2021-04-01T08:12:21","guid":{"rendered":"http:\/\/argentinamunicipal.com.ar\/argentina\/?p=113775"},"modified":"2021-04-01T06:17:32","modified_gmt":"2021-04-01T09:17:32","slug":"denuncian-que-en-rosario-se-iniciaron-mas-de-400-causas-de-desalojos-cuando-el-decreto-nacional-lo-prohibia","status":"publish","type":"post","link":"http:\/\/argentinamunicipal.com.ar\/argentina\/denuncian-que-en-rosario-se-iniciaron-mas-de-400-causas-de-desalojos-cuando-el-decreto-nacional-lo-prohibia\/","title":{"rendered":"Denuncian que en Rosario se iniciaron m\u00e1s de 400 causas de desalojos cuando el decreto nacional lo prohib\u00eda"},"content":{"rendered":"<p>Lo sostiene la Concejal\u00eda Popular de Rosario, desde donde piden que se investigue qui\u00e9nes estuvieron detr\u00e1s de esas maniobras.<\/p>\n<p>En Rosario hay al menos 50 juicios de desalojo que ingresaron a los tribunales provinciales desde el 20 de febrero pasado. As\u00ed lo confirm\u00f3 Nire Rold\u00e1n, presidente de la Concejal\u00eda Popular de Rosario, quien adem\u00e1s agreg\u00f3 que desde el inicio de la pandemia de Covid19 se registraron otros 387 casos. Por lo tanto pedir\u00e1n, mediante la C\u00e1mara de Diputados, que se informe por qu\u00e9 avanzaron estas causas cuando el decreto de congelamiento de alquileres lo prohib\u00eda.<\/p>\n<p>El Decreto de Necesidad y Urgencia 320\/2020 firmado el 29 de marzo de 2020 en el marco de la emergencia p\u00fablica por la pandemia de Covid19 hab\u00eda prohibido los\u00a0desalojos\u00a0hasta el 30 de septiembre de 2020.\u00a0Despu\u00e9s de dos pr\u00f3rrogas impulsadas por la continuidad de la pandemia y las consecuencias econ\u00f3micas se hab\u00eda puesto como fecha final el 31 de marzo de 2021.<\/p>\n<p>Llegada la fecha no se anunci\u00f3 una pr\u00f3rroga y la situaci\u00f3n de los\u00a0inquilinos\u00a0qued\u00f3 en manos de las inmobiliarias. En ese marco el gobierno nacional cre\u00f3 mediante la resoluci\u00f3n 88\/2021\u00a0el Protocolo Nacional de Alerta Temprana de Desalojos de Vivienda \u00danica y Familiar en Reg\u00edmenes de Alquileres Formales.\u00a0Los inquilinos que hayan acumulado deuda deber\u00e1n acordar planes de pago de hasta 12 cuotas o enfrentar\u00e1n juicios de desalojo.<\/p>\n<p>En la ciudad, seg\u00fan la Concejal\u00eda Popular de Rosario, la situaci\u00f3n se agrav\u00f3 porque mientras estaba vigente el decreto de congelamiento y prohibici\u00f3n de desalojos de igual forma se iniciaron causas de desalojos.\u00a0\u00abEs un problema preocupante ante la no respuesta de parte del gobierno nacional de no defender a los 9 millones de inquilinos de Argentina\u00bb, sostuvo Nire Rold\u00e1n.<\/p>\n<p>\u00abQueremos saber mediante un pedido de informe en la C\u00e1mara de Diputados qui\u00e9nes son los patrocinantes y otros actores que est\u00e1n atr\u00e1s de esto. Si son repetidos, si desconoc\u00edan que el decreto prohib\u00eda que se haga eso\u00bb, indic\u00f3 Rold\u00e1n.\u00a0\u00abNos parece una locura que de la noche a la ma\u00f1ana en este contexto se permitan los desalojos. D\u00f3nde va a vivir esa gente\u00bb, agreg\u00f3. En ese sentido sugiri\u00f3:\u00a0\u00abHay que tener racionalidad y sensibilidad para resolver este problema\u00bb.<\/p>\n<p>La situaci\u00f3n, seg\u00fan explic\u00f3 Rold\u00e1n, no solo afecta a inquilinos que vieron afectado sus ingresos econ\u00f3micos durante una pandemia que todav\u00eda contin\u00faa. Sino que tambi\u00e9n\u00a0se pone en problemas a personas que salieron de garantes en contratos de alquileres. \u00abSe les va a embargar el sueldo a personas que no tienen nada que ver y los hacen responsables cuando estas medidas estaban prohibidas\u00bb,\u00a0reclam\u00f3 Rold\u00e1n.<\/p>\n<p><strong>Pedido al gobernador<\/strong><br \/>\n\u00abEs fundamental un llamado de atenci\u00f3n del gobierno provincial al poder judicial si es que tiene algo de sensibilidad social porque el fin del decreto va a generar un desastre\u00bb,\u00a0sostuvo el diputado Carlos del Frade, del Frente Social y Popular, en di\u00e1logo con este diario. En ese sentido consider\u00f3 como \u00abuna barbaridad\u00bb que mientras reg\u00eda el decreto de congelamiento se iniciaran causas de desalojos.<\/p>\n<p>\u00abEl gobernador tiene que manifestarle p\u00fablicamente al poder judicial que, aunque respetuoso de la independencia de poderes, no avance con el desalojo en medio de la pandemia de gente que no tiene recursos y no tiene otro lugar para vivir\u00bb,\u00a0indic\u00f3 el diputado. \u00abLa verdad que es un hecho de enorme insensibilidad social. Ser\u00eda interesante que el gobernador como principal figura pol\u00edtica pida que se paralicen esos juicios de desalojo en tanto y en cuanto no termine la pandemia\u00bb, agreg\u00f3.<\/p>\n<p><strong>Unidad de organizaciones<\/strong><br \/>\nEn los \u00faltimos d\u00edas se dieron una serie de reclamos de distintas organizaciones de inquilinos, que se hicieron de forma separada. En esa l\u00ednea del Frade pidi\u00f3 por la unidad de las organizaciones de inquilinos.<\/p>\n<p>\u00abLas c\u00e1maras inmobiliarias est\u00e1n teniendo mucho m\u00e1s peso que las organizaciones. Eso tambi\u00e9n tiene que ver con la divisi\u00f3n de los inquilinos. Hay muchos grupos pero lamentablemente est\u00e1n divididos y eso les viene b\u00e1rbaro a los que usan a la vivienda para la especulaci\u00f3n inmobiliaria o para lavar dinero\u00bb,\u00a0agreg\u00f3 el diputado.<\/p>\n<p>\u00abHay que llamar a la unidad de todos los sectores y que el gobierno provincial tome protagonismo para que se paralicen los desalojos porque la gente se queda en la calle, es un problema social enorme en medio de una pandemia\u00bb, pidi\u00f3 del Frade.<\/p>\n<h6>Fuente: La Capital<\/h6>\n","protected":false},"excerpt":{"rendered":"<p>Lo sostiene la Concejal\u00eda Popular de Rosario, desde donde piden que se investigue qui\u00e9nes estuvieron detr\u00e1s de esas maniobras.<\/p>\n","protected":false},"author":2,"featured_media":113776,"comment_status":"closed","ping_status":"closed","sticky":false,"template":"","format":"standard","meta":{"footnotes":""},"categories":[2],"tags":[10],"class_list":["post-113775","post","type-post","status-publish","format-standard","has-post-thumbnail","hentry","category-informe-municipal","tag-santa-fe"],"_links":{"self":[{"href":"http:\/\/argentinamunicipal.com.ar\/argentina\/wp-json\/wp\/v2\/posts\/113775","targetHints":{"allow":["GET"]}}],"collection":[{"href":"http:\/\/argentinamunicipal.com.ar\/argentina\/wp-json\/wp\/v2\/posts"}],"about":[{"href":"http:\/\/argentinamunicipal.com.ar\/argentina\/wp-json\/wp\/v2\/types\/post"}],"author":[{"embeddable":true,"href":"http:\/\/argentinamunicipal.com.ar\/argentina\/wp-json\/wp\/v2\/users\/2"}],"replies":[{"embeddable":true,"href":"http:\/\/argentinamunicipal.com.ar\/argentina\/wp-json\/wp\/v2\/comments?post=113775"}],"version-history":[{"count":0,"href":"http:\/\/argentinamunicipal.com.ar\/argentina\/wp-json\/wp\/v2\/posts\/113775\/revisions"}],"wp:featuredmedia":[{"embeddable":true,"href":"http:\/\/argentinamunicipal.com.ar\/argentina\/wp-json\/wp\/v2\/media\/113776"}],"wp:attachment":[{"href":"http:\/\/argentinamunicipal.com.ar\/argentina\/wp-json\/wp\/v2\/media?parent=113775"}],"wp:term":[{"taxonomy":"category","embeddable":true,"href":"http:\/\/argentinamunicipal.com.ar\/argentina\/wp-json\/wp\/v2\/categories?post=113775"},{"taxonomy":"post_tag","embeddable":true,"href":"http:\/\/argentinamunicipal.com.ar\/argentina\/wp-json\/wp\/v2\/tags?post=113775"}],"curies":[{"name":"wp","href":"https:\/\/api.w.org\/{rel}","templated":true}]}}