{"id":113792,"date":"2021-04-05T05:00:53","date_gmt":"2021-04-05T08:00:53","guid":{"rendered":"http:\/\/argentinamunicipal.com.ar\/argentina\/?p=113792"},"modified":"2021-04-04T19:36:02","modified_gmt":"2021-04-04T22:36:02","slug":"guzman-si-hay-cambios-en-creditos-del-fmi-es-importante-que-argentina-pueda-acceder-a-esas-mejoras","status":"publish","type":"post","link":"http:\/\/argentinamunicipal.com.ar\/argentina\/guzman-si-hay-cambios-en-creditos-del-fmi-es-importante-que-argentina-pueda-acceder-a-esas-mejoras\/","title":{"rendered":"Guzm\u00e1n: si hay cambios en cr\u00e9ditos del FMI, es importante que Argentina pueda acceder a esas mejoras"},"content":{"rendered":"<p>El ministro de Econom\u00eda se refir\u00edo al acuerdo con el Fondo Monetario y asegur\u00f3 que busca que el sentido sea \u00abayudar a la Argentina\u00bb y sostuvo la idea dediscutir \u00abnuevos programas que se adapten a las nuevas necesidades\u00bb, debido al \u00abgran prestamo\u00bb que adquiri\u00f3 Juntos por el Cambio.<\/p>\n<p>El ministro de Econom\u00eda, Mart\u00edn Guzm\u00e1n, asegur\u00f3 que la Argentina est\u00e1 avanzando en un acuerdo para renegociar la deuda de US$ 45.000 millones con el Fondo Monetario Internacional (FMI)<\/p>\n<p>El ministro de Econom\u00eda, Mart\u00edn Guzm\u00e1n, asegur\u00f3 que la Argentina est\u00e1 avanzando en un acuerdo para renegociar la deuda de US$ 45.000 millones con el Fondo Monetario Internacional (FMI) que sea macroecon\u00f3micamente sostenible, al tiempo que se\u00f1al\u00f3 que ser\u00e1 necesario un consenso geopol\u00edtico internacional para que el plazo de repago sea mayor a los diez a\u00f1os y que el pa\u00eds pueda acceder a esas modificaciones luego de que se implementen.<\/p>\n<p>Dijo que el principal objetivo que se busca es \u00abque el acuerdo tenga un sentido que es el de ayudar a la Argentina\u00bb\u00a0y sostuvo que la vicepresidenta Cristina Fern\u00e1ndez de Kirchner \u00abest\u00e1 planteando una realidad\u00bb cuando sostiene que la deuda adquirida por el Gobierno de Mauricio Macri es impagable.<\/p>\n<p>Se\u00f1al\u00f3 que el Acuerdo de Facilidades Extendidas (EFF, por sus siglas en ingl\u00e9s) es la l\u00ednea de cr\u00e9dito m\u00e1s extensa que tiene en vigencia el Fondo y que, si bien un plazo de diez a\u00f1os implica \u00abtensi\u00f3n\u00bb a nivel macroecon\u00f3mico, acordar un plazo mayor para su repago \u00abrequiere de alinear voluntades internacionales y eso es algo que no se logra en poco tiempo\u00bb.<\/p>\n<p>Seg\u00fan el ministro, las l\u00edneas de cr\u00e9dito que tienen los organismos multilaterales \u00abse pensaron para los problemas que exhib\u00eda el mundo en el siglo XX, no los problemas del siglo XXI\u00bb, por lo que si bien \u00abcuanto m\u00e1s tiempo tengamos para pagar, mejor\u00bb, no es posible un consenso internacional al respecto si se quiere \u00abtener un programa en mayo o junio\u00bb.<\/p>\n<p>\u00abLos diez a\u00f1os es una cuesti\u00f3n que tiene que ver con las l\u00edneas de cr\u00e9dito que existen en el Fondo Monetario Internacional. Cambiar eso requiere del apoyo de pa\u00edses como Estados Unidos, China, Alemania, Jap\u00f3n, Francia. Un cambio que justamente tienen que votar. No es una negociaci\u00f3n t\u00e9cnica que se da entre el staff del Fondo Monetario Internacional y el gobierno argentino: es una negociaci\u00f3n de car\u00e1cter geopol\u00edtico que no hay tiempo suficiente si uno quisiera tener un acuerdo pronto\u00bb, afirm\u00f3 Guzm\u00e1n en una entrevista con CNN.<\/p>\n<p>Seg\u00fan el ministro, las l\u00edneas de cr\u00e9dito que tienen los organismos multilaterales \u00abse pensaron para los problemas que exhib\u00eda el mundo en el siglo XX, no los problemas del siglo XXI\u00bb<\/p>\n<p>Por ese motivo, sostuvo que la Argentina quiere que se discuta la posibilidad de crear programas que se ajusten a las nuevas necesidades ya que \u00abes tan grande el pr\u00e9stamo que tom\u00f3 el gobierno de Juntos por el Cambio que tenemos un problema y cualquier acuerdo de diez a\u00f1os nos pone una tensi\u00f3n\u00bb.<\/p>\n<p>A\u00fan as\u00ed admiti\u00f3 que de momento \u00abcontamos con estas herramientas\u00bb y que \u00absi ahora se llega a un acuerdo lo importante es que haya condiciones que si despu\u00e9s hay cambios en las l\u00edneas de cr\u00e9dito y se alargan los plazos, Argentina pueda acceder a esas mejores condiciones\u201d.<\/p>\n<p>La pr\u00f3xima semana, tanto Guzm\u00e1n como el presidente del Banco Central (BCRA), Miguel \u00c1ngel Pesce, viajar\u00e1n a Europa en el marco de una reuni\u00f3n de autoridades del G20 y de las reuniones de Primavera del FMI y del Banco Mundial, en la cual el ministro aprovechar\u00e1 para avanzar en las negociaciones con el Club de Par\u00eds.<\/p>\n<p>La Argentina enfrenta el primer vencimiento fuerte del 2021 por US$ 2.400 millones a fines de abril con el Club de Par\u00eds, y cuenta con 60 d\u00edas para pagar antes de que se declare un default.<\/p>\n<p>Se trata de un vencimiento del 2020 y que, a pedido de Guzm\u00e1n, fue prorrogado por el lapso de un a\u00f1o, seg\u00fan los t\u00e9rminos del contrato del pr\u00e9stamo.<\/p>\n<p>La gira del ministro de Econom\u00eda arrancar\u00e1 el 12 de abril en Berl\u00edn y finalizar\u00e1 el 16 de abril en Par\u00eds, con etapas intermedias en Roma y Madrid.<\/p>\n<h6>Fuente: Telam<\/h6>\n","protected":false},"excerpt":{"rendered":"<p>El ministro de Econom\u00eda se refir\u00edo al acuerdo con el Fondo Monetario y asegur\u00f3 que busca que el sentido sea \u00abayudar a la Argentina\u00bb y sostuvo la idea dediscutir \u00abnuevos programas que se adapten a las nuevas necesidades\u00bb<\/p>\n","protected":false},"author":2,"featured_media":113793,"comment_status":"closed","ping_status":"closed","sticky":false,"template":"","format":"standard","meta":{"footnotes":""},"categories":[8],"tags":[21],"class_list":["post-113792","post","type-post","status-publish","format-standard","has-post-thumbnail","hentry","category-informe-nacional","tag-argentina"],"_links":{"self":[{"href":"http:\/\/argentinamunicipal.com.ar\/argentina\/wp-json\/wp\/v2\/posts\/113792","targetHints":{"allow":["GET"]}}],"collection":[{"href":"http:\/\/argentinamunicipal.com.ar\/argentina\/wp-json\/wp\/v2\/posts"}],"about":[{"href":"http:\/\/argentinamunicipal.com.ar\/argentina\/wp-json\/wp\/v2\/types\/post"}],"author":[{"embeddable":true,"href":"http:\/\/argentinamunicipal.com.ar\/argentina\/wp-json\/wp\/v2\/users\/2"}],"replies":[{"embeddable":true,"href":"http:\/\/argentinamunicipal.com.ar\/argentina\/wp-json\/wp\/v2\/comments?post=113792"}],"version-history":[{"count":0,"href":"http:\/\/argentinamunicipal.com.ar\/argentina\/wp-json\/wp\/v2\/posts\/113792\/revisions"}],"wp:featuredmedia":[{"embeddable":true,"href":"http:\/\/argentinamunicipal.com.ar\/argentina\/wp-json\/wp\/v2\/media\/113793"}],"wp:attachment":[{"href":"http:\/\/argentinamunicipal.com.ar\/argentina\/wp-json\/wp\/v2\/media?parent=113792"}],"wp:term":[{"taxonomy":"category","embeddable":true,"href":"http:\/\/argentinamunicipal.com.ar\/argentina\/wp-json\/wp\/v2\/categories?post=113792"},{"taxonomy":"post_tag","embeddable":true,"href":"http:\/\/argentinamunicipal.com.ar\/argentina\/wp-json\/wp\/v2\/tags?post=113792"}],"curies":[{"name":"wp","href":"https:\/\/api.w.org\/{rel}","templated":true}]}}