{"id":113813,"date":"2021-04-05T05:22:24","date_gmt":"2021-04-05T08:22:24","guid":{"rendered":"http:\/\/argentinamunicipal.com.ar\/argentina\/?p=113813"},"modified":"2021-04-04T20:25:33","modified_gmt":"2021-04-04T23:25:33","slug":"implementan-un-programa-de-viviendas-para-erradicar-los-ranchos-de-la-ciudad-de-santa-fe-en-tres-anos","status":"publish","type":"post","link":"http:\/\/argentinamunicipal.com.ar\/argentina\/implementan-un-programa-de-viviendas-para-erradicar-los-ranchos-de-la-ciudad-de-santa-fe-en-tres-anos\/","title":{"rendered":"Implementan un programa de viviendas para erradicar los ranchos de la ciudad de Santa Fe en tres a\u00f1os"},"content":{"rendered":"<p>El proyecto se trata de \u00abNo M\u00e1s Ranchos en Santa Fe\u00bb, llevado a cabo por el Movimiento Los Sin Techo. Ya hay 200 viviendas en pie y esperan construir 400 casas para familias indigentes de la ciudad.<\/p>\n<p>En estos momentos se est\u00e1 llevando a cabo el programa \u00abNo M\u00e1s\u00a0Ranchos\u00a0en\u00a0Santa Fe\u00bb, a cargo de trabajadores del Movimiento de Los Sin Techo en conjunto con el gobierno provincial. El proyecto tiene como objetivo principal erradicar completamente los ranchos de la ciudad para 2024, mudando a esas familias a\u00a0viviendas\u00a0que se est\u00e1n construyendo en distintos barrios.<\/p>\n<p>En di\u00e1logo con UNO Santa Fe , el responsable de H\u00e1bitat de Los Sin Techo, Jos\u00e9 Luis Zalazar, adelant\u00f3: \u00abEstamos terminando el primer convenio de 200 casas con el gobierno de la provincia, y vamos a firmar otro por 200 viviendas m\u00e1s.\u00a0El proyecto de No M\u00e1s Ranchos en Santa Fe busca erradicar todos los ranchos en la ciudad de ac\u00e1 a tres a\u00f1os\u00bb.<br \/>\nLos trabajos ya comenzaron con la culminaci\u00f3n de 80 casas en barrio Jesuitas, mientras que en la actualidad se est\u00e1n construyendo 120 viviendas en barrio Las Lomas.\u00a0De esta forma se completa el primer convenio ya firmado con el gobierno provincial, que contemplaba las primeras 200 viviendas.<\/p>\n<p>\u00abQueremos que se consolide nuestra idea, que es la de que los pobres no pueden esperar, sobre todo cuando seguimos insistiendo con el sistema de la copa que rebalsa, eso es mentira. Hoy necesitan una casa, un terreno, el agua, todo hoy. Ma\u00f1ana ya es tarde, van a ser chicos que no se pudieron instruir, que perdieron un a\u00f1o encerrados en un rancho\u00bb, destac\u00f3 Jos\u00e9 Luis Zalazar.<\/p>\n<p>El referente del Movimiento Los Sin Techo indic\u00f3 a\u00a0UNO\u00a0que\u00a0en la siguiente etapa del programa \u00abse seguir\u00e1 con los barrios Alto Verde, San Agust\u00edn, Los Hornos, El Abasto, La Ranita, alcanzando todos los barrios que relev\u00f3 el Renabap (Registro Nacional de Barrios Populares) en sus relevamientos\u00bb.<\/p>\n<p>Los indicadores arrojan que en la actualidad hay 10.000 familias que son indigentes en la ciudad, mientras que en el Gran Santa Fe son 12.100 en total, los que seg\u00fan Zalazar \u00abson los marginados por afuera del sistema\u00bb. Sobre esto, agreg\u00f3: \u00abEste es el grupo duro con el que nosotros trabajamos. Hoy estamos trabajando en barrio La Loma, erradicando 120 ranchos. Pudimos terminar hasta ahora 75 casitas y empezamos otras 30\u00bb.<\/p>\n<p>\u00abOdian a los pobres porque no se criaron en esa mugre\u00bb<br \/>\nEn la misma l\u00ednea, el dirigente del movimiento llam\u00f3 a \u00abponer todo el esfuerzo\u00bb en los barrios, y enfatiz\u00f3: \u00abNosotros lo decimos con la experiencia de 30 a\u00f1os de trabajo. Hay que poner el esfuerzo en el chico que nace, que tiene que llegar a la escuela, con lo que estamos trabajando en el programa Primero mi Primaria, apoyando con computadoras a los chicos m\u00e1s que nunca\u00bb.<\/p>\n<p>En este sentido, Jos\u00e9 Luis Zalazar manifest\u00f3: \u00abSe suele acusar de violencia a los pobres, pero como dec\u00eda el padre Atilio Rosso hasta que no haya equidad no habr\u00e1 elementos judiciales, de polic\u00eda ni de inteligencia que puedan garantizar la seguridad. Es un caldo de cultivo que tarde o temprano explota. Sin equidad, no hay seguridad ni justicia. Una sociedad que se despoja de s\u00ed misma del 30% de sus habitantes es una sociedad injusta\u00bb.<\/p>\n<p>En cuanto al n\u00famero de ranchos emplazados en la capital santafesina, se habla de entre 1.500 y 1.600 en total. En este contexto, Zalazar concluy\u00f3:\u00a0\u00abMucha gente odia la miseria calificando a estas personas de violentas, pero lo odian porque no se criaron en esa mugre, en ese basural, en ese entorno.\u00a0Independientemente del partido pol\u00edtico, esta es una sociedad que se acostumbr\u00f3 a la miseria, a vivir del consumo, del bienestar y se olvid\u00f3 de la justicia\u00bb.<\/p>\n<h6>Fuente: Uno<\/h6>\n","protected":false},"excerpt":{"rendered":"<p>El proyecto se trata de \u00abNo M\u00e1s Ranchos en Santa Fe\u00bb, llevado a cabo por el Movimiento Los Sin Techo. Ya hay 200 viviendas en pie y esperan construir 400 casas para familias indigentes de la ciudad.<\/p>\n","protected":false},"author":2,"featured_media":113814,"comment_status":"closed","ping_status":"closed","sticky":false,"template":"","format":"standard","meta":{"footnotes":""},"categories":[2],"tags":[10],"class_list":["post-113813","post","type-post","status-publish","format-standard","has-post-thumbnail","hentry","category-informe-municipal","tag-santa-fe"],"_links":{"self":[{"href":"http:\/\/argentinamunicipal.com.ar\/argentina\/wp-json\/wp\/v2\/posts\/113813","targetHints":{"allow":["GET"]}}],"collection":[{"href":"http:\/\/argentinamunicipal.com.ar\/argentina\/wp-json\/wp\/v2\/posts"}],"about":[{"href":"http:\/\/argentinamunicipal.com.ar\/argentina\/wp-json\/wp\/v2\/types\/post"}],"author":[{"embeddable":true,"href":"http:\/\/argentinamunicipal.com.ar\/argentina\/wp-json\/wp\/v2\/users\/2"}],"replies":[{"embeddable":true,"href":"http:\/\/argentinamunicipal.com.ar\/argentina\/wp-json\/wp\/v2\/comments?post=113813"}],"version-history":[{"count":0,"href":"http:\/\/argentinamunicipal.com.ar\/argentina\/wp-json\/wp\/v2\/posts\/113813\/revisions"}],"wp:featuredmedia":[{"embeddable":true,"href":"http:\/\/argentinamunicipal.com.ar\/argentina\/wp-json\/wp\/v2\/media\/113814"}],"wp:attachment":[{"href":"http:\/\/argentinamunicipal.com.ar\/argentina\/wp-json\/wp\/v2\/media?parent=113813"}],"wp:term":[{"taxonomy":"category","embeddable":true,"href":"http:\/\/argentinamunicipal.com.ar\/argentina\/wp-json\/wp\/v2\/categories?post=113813"},{"taxonomy":"post_tag","embeddable":true,"href":"http:\/\/argentinamunicipal.com.ar\/argentina\/wp-json\/wp\/v2\/tags?post=113813"}],"curies":[{"name":"wp","href":"https:\/\/api.w.org\/{rel}","templated":true}]}}