{"id":113832,"date":"2021-04-06T06:01:27","date_gmt":"2021-04-06T09:01:27","guid":{"rendered":"http:\/\/argentinamunicipal.com.ar\/argentina\/?p=113832"},"modified":"2021-04-06T06:01:27","modified_gmt":"2021-04-06T09:01:27","slug":"santa-fe-en-la-planta-de-residuos-electricos-apuntan-a-reciclar-50-000-kg-en-un-ano","status":"publish","type":"post","link":"http:\/\/argentinamunicipal.com.ar\/argentina\/santa-fe-en-la-planta-de-residuos-electricos-apuntan-a-reciclar-50-000-kg-en-un-ano\/","title":{"rendered":"Santa Fe: En la planta de residuos el\u00e9ctricos apuntan a reciclar 50.000 kg en un a\u00f1o"},"content":{"rendered":"<p>Por primera vez la ciudad cuenta con un lugar para el procesamiento de aparatos el\u00e9ctricos y electr\u00f3nicos. El trabajo est\u00e1 a cargo de trabajadores de Dignidad y Vida Sana, y la capacitaci\u00f3n la hace la Municipalidad. La primera campa\u00f1a de recolecci\u00f3n ser\u00e1 el 17 de abril en el Distrito Este.<\/p>\n<p>La planta de procesamiento de aparatos el\u00e9ctricos y electr\u00f3nicos (AEEs) en desuso ya es un hecho en Santa Fe. Se la considera la primera en la ciudad y su \u00c1rea Metropolitana y funciona en el Complejo Ambiental. \u00abSe est\u00e1 trabajando a modo de puesta a punto, se est\u00e1 capacitando al personal con equipamiento de descarte de la Municipalidad para empezar en breve con las campa\u00f1as para recolectar el material de la ciudad\u00bb, indic\u00f3 Edgardo Seguro, secretario de Ambiente de la ciudad de Santa Fe, en di\u00e1logo con El Litoral.<\/p>\n<p>Este proyecto es parte de las pol\u00edticas locales enmarcadas en la Agenda 2020 para el Desarrollo Sostenible y complementa la Campa\u00f1a \u00abSepar\u00e1 para reciclar\u00bb que lleva adelante la Municipalidad. Sobre los detalles de su funcionamiento, Seguro explic\u00f3: \u00abLo que se hace, en primer lugar, es una revisi\u00f3n para saber si el equipo es utilizable o no; si es utilizable se deja almacenado para enviar a talleres y repararlos; lo que no es reparable se env\u00eda a desensamble, donde se desarma y hay algunos componentes que van a ser reutilizable como los ventiladores, las fuentes, disipadores, muchos elementos que pueden reutilizarse como repuestos de otras m\u00e1quinas\u00bb.<\/p>\n<p>La planta fue dise\u00f1ada para recibir: sistemas inform\u00e1ticos personales; monitores, pantallas y aparatos con pantallas de superficie superior a los 100cm2; peque\u00f1os electrodom\u00e9sticos (planchas, secadores de cabello, peque\u00f1os ventiladores, etc.); aparatos de inform\u00e1tica y de telecomunicaciones peque\u00f1os (con dimensiones exteriores que no superen los 50 cm) computadoras personales incluyendo unidad central, mouse, pantalla y teclado, impresoras, copiadoras y tel\u00e9fonos celulares.<\/p>\n<p>Mientras que no se recibir\u00e1n: t\u00f3ner, cartuchos de tinta, pilas y bater\u00edas que no est\u00e9n incluidos dentro de un AEE; grandes equipos refrigeradores como heladeras, congeladores\/freezers, otros grandes aparatos utilizados para la refrigeraci\u00f3n, conservaci\u00f3n y almacenamiento de alimentos; aparatos de alumbrado (l\u00e1mparas incandescentes, l\u00e1mparas bajo consumo, tubos fluorescentes, grandes luminarias, etc.); monitores y televisores incompletos (con faltantes de componentes y\/o la carcasa abierta y desatornillada y\/o los tubos de vidrios (Tubos de Rayos Cat\u00f3dicos o TRC) rotos o partidos.<\/p>\n<p><strong>A reciclar<\/strong><\/p>\n<p>De cada aparato electr\u00f3nico y el\u00e9ctrico se pueden desprender diversos materiales que pueden reciclarse y reincorporados al circuito productivo. En este sentido, el secretario de Ambiente indic\u00f3: \u00abEl hierro; el aluminio; y el cableado que es todo cobre, son tres metales que se pueden recuperar y vender. Del grupo de pl\u00e1sticos, las computadoras tienen muchos, hay un grupo reciclable que va a la planta\u00bb, y agreg\u00f3 que los tipos de pl\u00e1sticos que no pueden reciclarse van al relleno sanitario. \u00abHay una fracci\u00f3n menor, que es un 2%, que es material peligroso, que est\u00e1 compuesto por pilas y bater\u00edas m\u00e1s que nada, que va a un relleno de seguridad; mientras que las plaquetas se venden para exportaci\u00f3n\u00bb.<\/p>\n<p>Lo que se obtenga de la venta de estos materiales recuperados ser\u00e1 destinado a los trabajadores de la Asociaci\u00f3n Dignidad y Vida Sana, quienes ser\u00e1n inicialmente 10, que trabajar\u00e1n en grupos de 5 personas. Adem\u00e1s se les sumar\u00e1n, en esta etapa de capacitaci\u00f3n, tres empleados que forman parte del equipo profesional del municipio. \u00abHay un 65% del material que es reciclable\u00bb, coment\u00f3 Seguro.<\/p>\n<p>Para guiar este proyecto para el proceso de reciclado, el municipio se apoya las Leyes Nacionales N\u00ba24.051 y 23.922; en la Normativa Provincial N\u00b0 13.940; y las Ordenanzas Municipales N\u00b0 12.738 y 12.739, ambas del a\u00f1o 2020.<\/p>\n<p><strong>Expectativas<\/strong><\/p>\n<p>Seg\u00fan datos a nivel mundial, se estima que una persona genera 7,3 kilos de residuos electr\u00f3nicos al a\u00f1o; por lo que en Santa Fe, sus 420 mil habitantes generar\u00edan unas 3.070 toneladas al a\u00f1o.<\/p>\n<p>\u00abDe este material que se calcula, hay un 55% que est\u00e1 en los domicilios particulares, no en empresas ni instituciones. Por eso las campa\u00f1as apuntan a recuperar lo que hay en los domicilios\u00bb, admiti\u00f3 Seguro, y agreg\u00f3: \u00abAspiramos a recuperar en el primer a\u00f1o un 10% del material que est\u00e1 en las casas, estar\u00edamos en el orden de los 82.500 kg\u00bb. De esta cifra, el funcionario estim\u00f3 que en el a\u00f1o se recuperar\u00edan unos 50 mil kilos de material a reciclar, y \u00abdisponer solo 1.700 de residuos electr\u00f3nicos peligrosos. Es muy importante poder recuperar lo m\u00e1ximo que se pueda\u00bb.<\/p>\n<p>Respecto al material peligroso que se desprende de los aparatos, son destinados a Puerto San Mart\u00edn (Santa Fe), que cuenta con el \u00fanico operador habilitado de la provincia.<\/p>\n<p><strong>Campa\u00f1as\u00a0<\/strong><\/p>\n<p>El secretario de Ambiente adelant\u00f3 a este medio que la primera campa\u00f1a de recolecci\u00f3n de AEEs en desuso orientada a los vecinos de la ciudad, ser\u00e1 el pr\u00f3ximo 17 de abril en Distrito Este (lugar a definir).<\/p>\n<p>La instalaci\u00f3n de estaciones de reciclado ser\u00e1 en los ocho Distritos Municipales, con una periodicidad de 20 d\u00edas, a fin de medir los vol\u00famenes y tiempo requerido para su procesamiento, a tener en cuenta en una segunda etapa de implementaci\u00f3n de las campa\u00f1as.<\/p>\n<h6>Fuente: El Litoral<\/h6>\n","protected":false},"excerpt":{"rendered":"<p>Por primera vez la ciudad cuenta con un lugar para el procesamiento de aparatos el\u00e9ctricos y electr\u00f3nicos. El trabajo est\u00e1 a cargo de trabajadores de Dignidad y Vida Sana, y la capacitaci\u00f3n la hace la Municipalidad.<\/p>\n","protected":false},"author":2,"featured_media":113833,"comment_status":"closed","ping_status":"closed","sticky":false,"template":"","format":"standard","meta":{"footnotes":""},"categories":[2],"tags":[10],"class_list":["post-113832","post","type-post","status-publish","format-standard","has-post-thumbnail","hentry","category-informe-municipal","tag-santa-fe"],"_links":{"self":[{"href":"http:\/\/argentinamunicipal.com.ar\/argentina\/wp-json\/wp\/v2\/posts\/113832","targetHints":{"allow":["GET"]}}],"collection":[{"href":"http:\/\/argentinamunicipal.com.ar\/argentina\/wp-json\/wp\/v2\/posts"}],"about":[{"href":"http:\/\/argentinamunicipal.com.ar\/argentina\/wp-json\/wp\/v2\/types\/post"}],"author":[{"embeddable":true,"href":"http:\/\/argentinamunicipal.com.ar\/argentina\/wp-json\/wp\/v2\/users\/2"}],"replies":[{"embeddable":true,"href":"http:\/\/argentinamunicipal.com.ar\/argentina\/wp-json\/wp\/v2\/comments?post=113832"}],"version-history":[{"count":0,"href":"http:\/\/argentinamunicipal.com.ar\/argentina\/wp-json\/wp\/v2\/posts\/113832\/revisions"}],"wp:featuredmedia":[{"embeddable":true,"href":"http:\/\/argentinamunicipal.com.ar\/argentina\/wp-json\/wp\/v2\/media\/113833"}],"wp:attachment":[{"href":"http:\/\/argentinamunicipal.com.ar\/argentina\/wp-json\/wp\/v2\/media?parent=113832"}],"wp:term":[{"taxonomy":"category","embeddable":true,"href":"http:\/\/argentinamunicipal.com.ar\/argentina\/wp-json\/wp\/v2\/categories?post=113832"},{"taxonomy":"post_tag","embeddable":true,"href":"http:\/\/argentinamunicipal.com.ar\/argentina\/wp-json\/wp\/v2\/tags?post=113832"}],"curies":[{"name":"wp","href":"https:\/\/api.w.org\/{rel}","templated":true}]}}