{"id":113863,"date":"2021-04-07T05:16:39","date_gmt":"2021-04-07T08:16:39","guid":{"rendered":"http:\/\/argentinamunicipal.com.ar\/argentina\/?p=113863"},"modified":"2021-04-06T19:20:40","modified_gmt":"2021-04-06T22:20:40","slug":"la-oit-elevo-a-su-consejo-de-administracion-el-reclamo-de-festram-contra-la-corte-nacional","status":"publish","type":"post","link":"http:\/\/argentinamunicipal.com.ar\/argentina\/la-oit-elevo-a-su-consejo-de-administracion-el-reclamo-de-festram-contra-la-corte-nacional\/","title":{"rendered":"La OIT elev\u00f3 a su Consejo de Administraci\u00f3n el reclamo de FESTRAM contra la Corte Nacional"},"content":{"rendered":"<p>EL ORGANISMO COMUNIC\u00d3 AL GOBIERNO ARGENTINO LA QUEJA DEL GREMIO. ADVERTENCIA SOBRE LOS CRITERIOS DE AUTONOM\u00cdA MUNICIPAL.<\/p>\n<p>La Directora del Departamento de Normas Internacionales, Corinne Vargha, comunic\u00f3 oficialmente al Secretario General de FESTRAM, Claudio Leoni, la trascendente decisi\u00f3n de ese Departamento de elevar al Consejo de Administraci\u00f3n la queja presentada por la Federaci\u00f3n de Trabajadores Municipales de Santa Fe, por la decisi\u00f3n de la Corte Suprema de Justicia de la Naci\u00f3n ya que -a entender de FESTRAM- este tribunal abus\u00f3 de sus responsabilidades jur\u00eddicas e \u201cinst\u00f3 al Gobernador Perotti\u201d a adecuar la Constituci\u00f3n Provincial y las normas que rigen el funcionamiento del r\u00e9gimen Municipal y Comunal de la Provincia de Santa Fe.<\/p>\n<p>Si bien el reclamo de FESTRAM no juzga la decadente situaci\u00f3n de la Corte para impartir decisiones pol\u00edticas, cuestiona un fallo que intenta debilitar derechos internacionales de los trabajadores.<\/p>\n<p>Como se recordar\u00e1, sin declarar la inconstitucionalidad de la Ley de Paritaria Municipal, la puso en duda junto con la propia Constituci\u00f3n Provincial, avasallando ni m\u00e1s ni menos que la autonom\u00eda y el Federalismo de las Provincias, tambi\u00e9n consagradas en la Constituci\u00f3n Nacional y en sus Pactos Preexistentes.<\/p>\n<p>Tras esto la agenda de la \u201cAutonom\u00eda Municipal\u201d debe ser pensada en t\u00e9rminos de Soberan\u00eda Popular y no como instrumento de ajuste econ\u00f3mico contra los pueblos. Para la Corte, cualquier ley sancionada por la Legislatura en t\u00e9rminos de la Carta Magna Provincial, \u201cestar\u00e1 en tensi\u00f3n\u201d con la Constituci\u00f3n Nacional.<\/p>\n<p>La Corte Nacional en su oportunidad, aval\u00f3 un dictamen de la Procuraci\u00f3n sin dar \u201cderecho a la defensa\u201d a la Organizaci\u00f3n Sindical y al cuestionar la Ley de Paritaria Municipal en t\u00e9rminos pol\u00edticos, intenta poner la autonom\u00eda de los Municipios en conflicto con los derechos de los trabajadores del sector, a riesgo de perturbar la paz social.<\/p>\n<p>Por esta raz\u00f3n, FESTRAM present\u00f3 una reclamaci\u00f3n en virtud del art\u00edculo 24 de la Constituci\u00f3n de la OIT en la que se alega el incumplimiento por parte de la Corte Suprema de Justicia de la Naci\u00f3n (CSJN) del Convenio sobre la Libertad Sindical y la Protecci\u00f3n del Derecho de Sindicaci\u00f3n, 1948 (n\u00fam. 87), el Convenio sobre el Derecho de Sindicaci\u00f3n y de Negociaci\u00f3n Colectiva, 1949 (n\u00fam. 98), el Convenio sobre las relaciones de trabajo en la Administraci\u00f3n P\u00fablica, 1978 (n\u00fam. 151) y el Convenio sobre la Negociaci\u00f3n Colectiva, 1981 (n\u00fam. 154).<\/p>\n<p>As\u00ed, el Departamento de Normas Internacionales remitir\u00e1 al Consejo de Administraci\u00f3n para que informe sobre su decisi\u00f3n en la 342 Asamblea de la Organizaci\u00f3n Internacional del Trabajo (junio de 2021).<\/p>\n<h6>PRENSA FESTRAM<\/h6>\n","protected":false},"excerpt":{"rendered":"<p>EL ORGANISMO COMUNIC\u00d3 AL GOBIERNO ARGENTINO LA QUEJA DEL GREMIO. ADVERTENCIA SOBRE LOS CRITERIOS DE AUTONOM\u00cdA MUNICIPAL.<\/p>\n","protected":false},"author":2,"featured_media":113864,"comment_status":"closed","ping_status":"closed","sticky":false,"template":"","format":"standard","meta":{"footnotes":""},"categories":[7],"tags":[10],"class_list":["post-113863","post","type-post","status-publish","format-standard","has-post-thumbnail","hentry","category-informe-sindical","tag-santa-fe"],"_links":{"self":[{"href":"http:\/\/argentinamunicipal.com.ar\/argentina\/wp-json\/wp\/v2\/posts\/113863","targetHints":{"allow":["GET"]}}],"collection":[{"href":"http:\/\/argentinamunicipal.com.ar\/argentina\/wp-json\/wp\/v2\/posts"}],"about":[{"href":"http:\/\/argentinamunicipal.com.ar\/argentina\/wp-json\/wp\/v2\/types\/post"}],"author":[{"embeddable":true,"href":"http:\/\/argentinamunicipal.com.ar\/argentina\/wp-json\/wp\/v2\/users\/2"}],"replies":[{"embeddable":true,"href":"http:\/\/argentinamunicipal.com.ar\/argentina\/wp-json\/wp\/v2\/comments?post=113863"}],"version-history":[{"count":0,"href":"http:\/\/argentinamunicipal.com.ar\/argentina\/wp-json\/wp\/v2\/posts\/113863\/revisions"}],"wp:featuredmedia":[{"embeddable":true,"href":"http:\/\/argentinamunicipal.com.ar\/argentina\/wp-json\/wp\/v2\/media\/113864"}],"wp:attachment":[{"href":"http:\/\/argentinamunicipal.com.ar\/argentina\/wp-json\/wp\/v2\/media?parent=113863"}],"wp:term":[{"taxonomy":"category","embeddable":true,"href":"http:\/\/argentinamunicipal.com.ar\/argentina\/wp-json\/wp\/v2\/categories?post=113863"},{"taxonomy":"post_tag","embeddable":true,"href":"http:\/\/argentinamunicipal.com.ar\/argentina\/wp-json\/wp\/v2\/tags?post=113863"}],"curies":[{"name":"wp","href":"https:\/\/api.w.org\/{rel}","templated":true}]}}