{"id":113910,"date":"2021-04-14T05:29:05","date_gmt":"2021-04-14T08:29:05","guid":{"rendered":"http:\/\/argentinamunicipal.com.ar\/argentina\/?p=113910"},"modified":"2021-04-08T06:39:21","modified_gmt":"2021-04-08T09:39:21","slug":"inauguran-anuario-fotografico-del-colectivo-patagonia-rebelde-en-viedma","status":"publish","type":"post","link":"http:\/\/argentinamunicipal.com.ar\/argentina\/inauguran-anuario-fotografico-del-colectivo-patagonia-rebelde-en-viedma\/","title":{"rendered":"Inauguran anuario fotogr\u00e1fico del Colectivo Patagonia Rebelde en Viedma"},"content":{"rendered":"<p>La muestra colectiva est\u00e1 formada por 23 fot\u00f3grafas y fot\u00f3grafos de la comarca Viedma Patagones y permanecer\u00e1 en el Centro Municipal de Cultura.<\/p>\n<p>Ma\u00f1ana mi\u00e9rcoles 31 de marzo a las 19 horas quedar\u00e1 inaugurada la exposici\u00f3n fotogr\u00e1fica Anuario 2020 Patagonia Rebelde.<\/p>\n<p>La muestra colectiva formada por 23 fot\u00f3grafas y fot\u00f3grafos profesionales y aficionados\/as de la comarca Viedma Patagones podr\u00e1 disfrutarse de forma gratuita en el Centro Municipal de Cultura de Viedma hasta el 30 de abril del 2021.<\/p>\n<p>Se trata de un anuario con un enfoque social y cultural que recolecta im\u00e1genes del 2020. Este es el tercer a\u00f1o consecutivo que se realiza la muestra y cada a\u00f1o se han sumado m\u00e1s miradas al anuario.<\/p>\n<p>Entidades p\u00fablicas y privadas buscan visibilizar el trabajo fotogr\u00e1fico surgido originalmente del contexto del Festival Patagonia Rebelde, uno de los m\u00e1s importantes festivales de organizaci\u00f3n independiente gestado en los \u00faltimos a\u00f1os en la regi\u00f3n.<\/p>\n<p>Participan este a\u00f1o: Ana Estrabou, Ana Iba\u00f1ez, Camila Rosbaco, Carlos Espinosa, Cristian Silva, Daniel Idiarte, Enrique Garc\u00eda D\u00edaz, Eugenio Sicardi, Fernando Mari\u00f1o, Ian Daniluk Quiroga, Laura Vinaya, L\u00eda Comaleras, Marcelo Minichelli, Marcelo \u00abTibu\u00bb Ochoa, Mar\u00eda Julia Spigariol, Nicol\u00e1s Pioppi, Pablo Arrascoyta, Pablo Leguizam\u00f3n, Ram\u00f3n Espinosa, Santiago Garc\u00eda D\u00edaz, Sebasti\u00e1n Labaronne, Silvana Fazzolari y Vanesa Schwemmler.<\/p>\n<p>Coordinan y propulsan la propuesta Ram\u00f3n Espinosa y Sebasti\u00e1n Labaronne del Colectivo Patagonia Rebelde.<\/p>\n<p>La muestra cuenta con el apoyo de Unter, CTA Viedma, la UNRN Sede Atl\u00e1ntica, Asociaci\u00f3n de Familiares y V\u00edctimas del Terroismo de Estado de Viedma y Patagones, \u00d3ptica Boga, Cooperativa Minga, Impresionarte, Pain\u00e9, Chulapa y la Municipalidad de Viedma.<\/p>\n<h6>Fuente: R\u00edo Negro<\/h6>\n","protected":false},"excerpt":{"rendered":"<p>La muestra colectiva est\u00e1 formada por 23 fot\u00f3grafas y fot\u00f3grafos de la comarca Viedma Patagones y permanecer\u00e1 en el Centro Municipal de Cultura.<\/p>\n","protected":false},"author":2,"featured_media":113911,"comment_status":"closed","ping_status":"closed","sticky":false,"template":"","format":"standard","meta":{"footnotes":""},"categories":[47],"tags":[11],"class_list":["post-113910","post","type-post","status-publish","format-standard","has-post-thumbnail","hentry","category-fiestas","tag-rio-negro"],"_links":{"self":[{"href":"http:\/\/argentinamunicipal.com.ar\/argentina\/wp-json\/wp\/v2\/posts\/113910","targetHints":{"allow":["GET"]}}],"collection":[{"href":"http:\/\/argentinamunicipal.com.ar\/argentina\/wp-json\/wp\/v2\/posts"}],"about":[{"href":"http:\/\/argentinamunicipal.com.ar\/argentina\/wp-json\/wp\/v2\/types\/post"}],"author":[{"embeddable":true,"href":"http:\/\/argentinamunicipal.com.ar\/argentina\/wp-json\/wp\/v2\/users\/2"}],"replies":[{"embeddable":true,"href":"http:\/\/argentinamunicipal.com.ar\/argentina\/wp-json\/wp\/v2\/comments?post=113910"}],"version-history":[{"count":0,"href":"http:\/\/argentinamunicipal.com.ar\/argentina\/wp-json\/wp\/v2\/posts\/113910\/revisions"}],"wp:featuredmedia":[{"embeddable":true,"href":"http:\/\/argentinamunicipal.com.ar\/argentina\/wp-json\/wp\/v2\/media\/113911"}],"wp:attachment":[{"href":"http:\/\/argentinamunicipal.com.ar\/argentina\/wp-json\/wp\/v2\/media?parent=113910"}],"wp:term":[{"taxonomy":"category","embeddable":true,"href":"http:\/\/argentinamunicipal.com.ar\/argentina\/wp-json\/wp\/v2\/categories?post=113910"},{"taxonomy":"post_tag","embeddable":true,"href":"http:\/\/argentinamunicipal.com.ar\/argentina\/wp-json\/wp\/v2\/tags?post=113910"}],"curies":[{"name":"wp","href":"https:\/\/api.w.org\/{rel}","templated":true}]}}