{"id":113918,"date":"2021-04-08T05:35:52","date_gmt":"2021-04-08T08:35:52","guid":{"rendered":"http:\/\/argentinamunicipal.com.ar\/argentina\/?p=113918"},"modified":"2021-04-07T17:40:08","modified_gmt":"2021-04-07T20:40:08","slug":"reconquista-la-unica-salvacion-para-muchos-adultos-mayores-son-los-comedores-municipales","status":"publish","type":"post","link":"http:\/\/argentinamunicipal.com.ar\/argentina\/reconquista-la-unica-salvacion-para-muchos-adultos-mayores-son-los-comedores-municipales\/","title":{"rendered":"Reconquista: La \u00fanica salvaci\u00f3n para muchos adultos mayores son los comedores municipales"},"content":{"rendered":"<p>\u00abSon 502 adultos mayores de distintos barrios. Algunos no tiene pensiones y ante eso estamos haciendo la conexi\u00f3n con una trabajadora social que se dedica a eso, de todas maneras sabemos que una pensi\u00f3n es muy poco\u00bb, manifest\u00f3 la secretaria de Desarrollo Humano del municipio de Reconquista, Mar\u00eda Maggio.<\/p>\n<p>Este medio abord\u00f3 varios temas con la secretaria de Desarrollo Humano del municipio de Reconquista, Mar\u00eda Maggio. El primer punto desarrollado por la funcionaria fue sobre la econom\u00eda social.<\/p>\n<p>\u00abLa econom\u00eda social tiene valores, cultura y est\u00e1 sum\u00e1ndose al desarrollo local, hay que darles el lugar, pero tambi\u00e9n ellos tienen que sentir que apoyan a este desarrollo local, por eso el acompa\u00f1amiento que hacemos desde el Municipio\u00bb, se\u00f1al\u00f3 Mar\u00eda Maggio.<\/p>\n<p>En otro tramo, remarc\u00f3 el seguimiento que se hace a los\u00a0emprendedores\u00a0a fin de establecer el crecimiento y para eso hay etapas de capacitaci\u00f3n interna para que la actividad emprendedora se sienta fortalecida.<\/p>\n<p>Situaci\u00f3n social<br \/>\nLa funcionaria fue consultada acerca de la situaci\u00f3n social en Reconquista y se\u00f1al\u00f3 sorprendida la cantidad de adultos mayores que requieren de alimentaci\u00f3n diaria. \u00abSon 502 adultos mayores de distintos barrios.\u00a0Algunos no tiene pensiones y ante eso estamos haciendo la conexi\u00f3n con una trabajadora social que se dedica a eso, de todas maneras sabemos que una pensi\u00f3n es muy poco; tiene gastos importantes en medicamentos, es un problema muy serio\u00bb.<\/p>\n<p>Relaci\u00f3n con la provincia<br \/>\nMaggio destac\u00f3 la\u00a0buena relaci\u00f3n\u00a0que mantiene el municipio local con el ministerio de Desarrollo Social de la provincia y por estas horas en Reconquista est\u00e1 comenzando el programa \u00abSanta Fe M\u00e1s\u00bb con 470 j\u00f3venes que van a capacitarse en oficios, adem\u00e1s la entrega de microcr\u00e9ditos.<\/p>\n<p>\u00abHay un \u00e1rea de adicciones que atiende la problem\u00e1tica de consumos problem\u00e1ticos atendido por una psic\u00f3loga cuyo cargo fue otorgado por la provincia; tambi\u00e9n en la zona del puerto de la ciudad vamos a inaugurar un espacio denominado &#8216;Zona de crianza&#8217;; todo \u00e9sto es trabajo y gesti\u00f3n de los equipos de Desarrollo Humanos local que permanentemente est\u00e1 presentando proyectos tanto en Naci\u00f3n como en Provincia\u00bb, resalt\u00f3 la funcionaria.<\/p>\n<p>Se\u00f1al\u00f3 adem\u00e1s que desde el municipio\u00a0se han gestionando 6 millones de pesos\u00a0ante Naci\u00f3n para microcr\u00e9ditos que podr\u00edan llegar dentro de un mes. Asimismo, ya fueron enviados desde el gobierno nacional la mitad de un aporte de 10 millones de pesos para edificar el espacio que tendr\u00e1n los feriantes cuyo lugar establecido es la playa de estacionamiento lindante al hospital de campa\u00f1a.<\/p>\n<h6>Fuente: Sin Mordaza<\/h6>\n","protected":false},"excerpt":{"rendered":"<p>\u00abSon 502 adultos mayores de distintos barrios. Algunos no tiene pensiones y ante eso estamos haciendo la conexi\u00f3n con una trabajadora social que se dedica a eso, de todas maneras sabemos que una pensi\u00f3n es muy poco\u00bb<\/p>\n","protected":false},"author":2,"featured_media":113919,"comment_status":"closed","ping_status":"closed","sticky":false,"template":"","format":"standard","meta":{"footnotes":""},"categories":[2],"tags":[10],"class_list":["post-113918","post","type-post","status-publish","format-standard","has-post-thumbnail","hentry","category-informe-municipal","tag-santa-fe"],"_links":{"self":[{"href":"http:\/\/argentinamunicipal.com.ar\/argentina\/wp-json\/wp\/v2\/posts\/113918","targetHints":{"allow":["GET"]}}],"collection":[{"href":"http:\/\/argentinamunicipal.com.ar\/argentina\/wp-json\/wp\/v2\/posts"}],"about":[{"href":"http:\/\/argentinamunicipal.com.ar\/argentina\/wp-json\/wp\/v2\/types\/post"}],"author":[{"embeddable":true,"href":"http:\/\/argentinamunicipal.com.ar\/argentina\/wp-json\/wp\/v2\/users\/2"}],"replies":[{"embeddable":true,"href":"http:\/\/argentinamunicipal.com.ar\/argentina\/wp-json\/wp\/v2\/comments?post=113918"}],"version-history":[{"count":0,"href":"http:\/\/argentinamunicipal.com.ar\/argentina\/wp-json\/wp\/v2\/posts\/113918\/revisions"}],"wp:featuredmedia":[{"embeddable":true,"href":"http:\/\/argentinamunicipal.com.ar\/argentina\/wp-json\/wp\/v2\/media\/113919"}],"wp:attachment":[{"href":"http:\/\/argentinamunicipal.com.ar\/argentina\/wp-json\/wp\/v2\/media?parent=113918"}],"wp:term":[{"taxonomy":"category","embeddable":true,"href":"http:\/\/argentinamunicipal.com.ar\/argentina\/wp-json\/wp\/v2\/categories?post=113918"},{"taxonomy":"post_tag","embeddable":true,"href":"http:\/\/argentinamunicipal.com.ar\/argentina\/wp-json\/wp\/v2\/tags?post=113918"}],"curies":[{"name":"wp","href":"https:\/\/api.w.org\/{rel}","templated":true}]}}