{"id":114075,"date":"2021-05-03T14:45:13","date_gmt":"2021-05-03T17:45:13","guid":{"rendered":"http:\/\/argentinamunicipal.com.ar\/argentina\/?p=114075"},"modified":"2021-05-03T19:47:39","modified_gmt":"2021-05-03T22:47:39","slug":"la-municipalidad-de-rafaela-sumo-nueva-tecnologia-para-modernizar-sus-gestiones","status":"publish","type":"post","link":"http:\/\/argentinamunicipal.com.ar\/argentina\/la-municipalidad-de-rafaela-sumo-nueva-tecnologia-para-modernizar-sus-gestiones\/","title":{"rendered":"La Municipalidad de Rafaela sum\u00f3 nueva tecnolog\u00eda para modernizar sus gestiones"},"content":{"rendered":"<p>Forma parte de un \u00abPlan de Innovaci\u00f3n\u00bb dise\u00f1ado el a\u00f1o pasado y ser\u00e1 instalado en los pr\u00f3ximos d\u00edas.<\/p>\n<p>En el marco de un \u00abPlan de Innovaci\u00f3n\u00bb que se comenz\u00f3 a dise\u00f1ar el a\u00f1o pasado, la Municipalidad de Rafaela ya cuenta con equipamiento inform\u00e1tico. Ser\u00e1 instalado los pr\u00f3ximos d\u00edas y fue adquirido a trav\u00e9s del llamado a licitaci\u00f3n p\u00fablica -Decreto N\u00b0 51.230.<\/p>\n<p>Fue ejecutado con el objeto de\u00a0mejorar el funcionamiento de todos los procesos administrativos\u00a0y la calidad de los servicios que se brindan a los vecinos y las vecinas.<\/p>\n<p>Desde la Secretar\u00eda de Auditor\u00eda, Evaluaci\u00f3n y Transparencia\u00a0se realiz\u00f3 un diagn\u00f3stico espec\u00edfico. Se determin\u00f3 que algunos de los equipamientos existentes dentro de la estructura municipal resultaban deficientes en su funcionamiento. O se encontraban obsoletos, con lo cual, deb\u00edan ser reemplazados con urgencia.<\/p>\n<p>Al respecto, la secretaria del \u00e1rea, Cecilia Gallardo, coment\u00f3: \u00abEl objetivo que nos propusimos al inicio de esta gesti\u00f3n fue modernizar.\u00a0Hacer m\u00e1s eficiente y transparente la gesti\u00f3n municipal. Hoy en d\u00eda tenemos propuestas de digitalizaci\u00f3n e innovaci\u00f3n que implican necesariamente modernizar los equipos.\u00bb<\/p>\n<p>\u00abAdem\u00e1s -continu\u00f3- el contexto de pandemia aceler\u00f3 la utilizaci\u00f3n de nuevas tecnolog\u00edas de la informaci\u00f3n y la comunicaci\u00f3n. Esto requiere de la\u00a0sostenibilidad de los procesos, y como Estado, debemos estar preparados y responder a estos nuevos desaf\u00edos\u00bb<\/p>\n<p>Luego de realizada la licitaci\u00f3n, mediante decreto N\u00b0 51.479, se procedi\u00f3 a la adjudicaci\u00f3n de 27 computadoras, 27 estabilizadores de tensi\u00f3n, 5 notebooks, 6 impresoras, 2 impresoras multifunci\u00f3n A4, 3 impresoras multifunci\u00f3n A3 y 4 scanners.<\/p>\n<p><strong>M\u00e1s equipamiento<\/strong><br \/>\nAl mismo tiempo, el Departamento Ejecutivo se encuentra\u00a0gestionando ante el Programa Municipal de Inversiones (ProMuDI)\u00a0del Gobierno de la Provincia de Santa Fe m\u00e1s equipamiento para continuar modernizando el Estado local.<\/p>\n<p>En ese sentido, Gallardo expres\u00f3 que \u00abestamos en un proceso de transformaci\u00f3n de la sociedad\u00a0y como Estado debemos estar a la altura de las circunstancias, para estar m\u00e1s cerca y responder las necesidades de la gente. Para ello, es fundamental tener agilidad y eficiencia\u00bb.<\/p>\n<h6>Fuente: Sin Mordaza<\/h6>\n","protected":false},"excerpt":{"rendered":"<p>Forma parte de un \u00abPlan de Innovaci\u00f3n\u00bb dise\u00f1ado el a\u00f1o pasado y ser\u00e1 instalado en los pr\u00f3ximos d\u00edas.<\/p>\n","protected":false},"author":2,"featured_media":114076,"comment_status":"closed","ping_status":"closed","sticky":false,"template":"","format":"standard","meta":{"footnotes":""},"categories":[2],"tags":[10],"class_list":["post-114075","post","type-post","status-publish","format-standard","has-post-thumbnail","hentry","category-informe-municipal","tag-santa-fe"],"_links":{"self":[{"href":"http:\/\/argentinamunicipal.com.ar\/argentina\/wp-json\/wp\/v2\/posts\/114075","targetHints":{"allow":["GET"]}}],"collection":[{"href":"http:\/\/argentinamunicipal.com.ar\/argentina\/wp-json\/wp\/v2\/posts"}],"about":[{"href":"http:\/\/argentinamunicipal.com.ar\/argentina\/wp-json\/wp\/v2\/types\/post"}],"author":[{"embeddable":true,"href":"http:\/\/argentinamunicipal.com.ar\/argentina\/wp-json\/wp\/v2\/users\/2"}],"replies":[{"embeddable":true,"href":"http:\/\/argentinamunicipal.com.ar\/argentina\/wp-json\/wp\/v2\/comments?post=114075"}],"version-history":[{"count":0,"href":"http:\/\/argentinamunicipal.com.ar\/argentina\/wp-json\/wp\/v2\/posts\/114075\/revisions"}],"wp:featuredmedia":[{"embeddable":true,"href":"http:\/\/argentinamunicipal.com.ar\/argentina\/wp-json\/wp\/v2\/media\/114076"}],"wp:attachment":[{"href":"http:\/\/argentinamunicipal.com.ar\/argentina\/wp-json\/wp\/v2\/media?parent=114075"}],"wp:term":[{"taxonomy":"category","embeddable":true,"href":"http:\/\/argentinamunicipal.com.ar\/argentina\/wp-json\/wp\/v2\/categories?post=114075"},{"taxonomy":"post_tag","embeddable":true,"href":"http:\/\/argentinamunicipal.com.ar\/argentina\/wp-json\/wp\/v2\/tags?post=114075"}],"curies":[{"name":"wp","href":"https:\/\/api.w.org\/{rel}","templated":true}]}}