{"id":114162,"date":"2021-05-05T06:36:49","date_gmt":"2021-05-05T09:36:49","guid":{"rendered":"http:\/\/argentinamunicipal.com.ar\/argentina\/?p=114162"},"modified":"2021-05-05T06:36:49","modified_gmt":"2021-05-05T09:36:49","slug":"un-comedor-con-tanta-demanda-que-tuvo-que-rechazar-beneficiarios-por-falta-de-insumos","status":"publish","type":"post","link":"http:\/\/argentinamunicipal.com.ar\/argentina\/un-comedor-con-tanta-demanda-que-tuvo-que-rechazar-beneficiarios-por-falta-de-insumos\/","title":{"rendered":"Un comedor con tanta demanda que tuvo que rechazar beneficiarios por falta de insumos"},"content":{"rendered":"<p>Pancitas Llenas funciona en Villa Constituci\u00f3n. Los pedidos crecen y los insumos no alcanzan. Ahora llega el fr\u00edo y adem\u00e1s piden zapatillas<\/p>\n<p>El aumento de la demanda alimentaria, profundizado por la pandemia y el aislamiento, m\u00e1s la dificultad de abastecerse de provisiones, llev\u00f3 a un comedor comunitaria de Villa Constituci\u00f3n a rechazar beneficiarios por falta de insumos. \u201cEsto, que empez\u00f3 siendo muy espor\u00e1dico, se vuelve cada vez m\u00e1s peri\u00f3dico, la comida no alcanza para todos\u201d, cont\u00f3 con dolor Alejandra Mart\u00edn, presidenta de la Asociaci\u00f3n Civil Pancitas Llenas, que desde hace a\u00f1os abastece a los vecinos de barrio San Jos\u00e9, aunque su influencia va m\u00e1s all\u00e1 de los sus l\u00edmites.<br \/>\nPor esto, quienes llevan adelante el emprendimiento, que hoy asiste a m\u00e1s de 200\u00a0familias, lanzaron un\u00a0pedido desesperado de ayuda social\u00a0mientras gestionan su inscripci\u00f3n en la Afip y una\u00a0cuenta bancaria\u00a0para poder recibir\u00a0donaciones\u00a0dinerarias, m\u00e1s all\u00e1 de lo que ya colectan con la solidaridad de vecinos y comercios.<br \/>\nY ahora, con la inminente llegada del invierno, se est\u00e1n organizando para poder distribuir ropa, sobre todo\u00a0zapatillas, para lo cual hicieron un nuevo llamado a la solidaridad para poder recibir donaciones.<\/p>\n<p>Pancitas Llenas funciona desde hace cuatro a\u00f1os en el mismo barrio, dentro del local de\u00a0Sab\u00edn 2368, donde cinco personas trabajan en la confecci\u00f3n de platos y copas de leche. Al principio, ten\u00eda una demanda razonable dentro de su propia comunidad. Pero la pandemia, el aislamiento y la p\u00e9rdida de trabajo de muchos habitantes llevaron a la gente a acercarse cada vez m\u00e1s, incluso desde otros barrios. Seg\u00fan Mart\u00edn, en estos momentos est\u00e1n abasteciendo a m\u00e1s de 200 familias (un n\u00famero que ha sido cambiante a lo largo de todos estos meses). No es poca cosa:\u00a0\u201cSi se calcula que en cada n\u00facleo familiar puede haber tres o cuatro ni\u00f1os, estamos hablando de la dimensi\u00f3n de esta problem\u00e1tica\u201d, razon\u00f3 la presidenta.<\/p>\n<p><strong>Cuarenta familias<\/strong><br \/>\n\u201cQu\u00e9 situaci\u00f3n tan triste estamos pasando, es tanta la cantidad de gente que viene a buscar el pan que hoy,\u00a0a m\u00e1s de 40 familias le hemos dicho que no hab\u00eda m\u00e1s\u201d, public\u00f3 Pamela Gancilazo, miembro de la instituci\u00f3n, hace pocos d\u00edas en su cuenta de Whatsapp.<\/p>\n<p>\u201cCuando naci\u00f3 el comedor, la situaci\u00f3n era manejable, empezamos con el barrio San Jos\u00e9, pero con el tiempo la poblaci\u00f3n beneficiaria se empez\u00f3 a extender a otros lugares. Todo iba marchando dentro de los par\u00e1metros normales,\u00a0pero la pandemia nos sac\u00f3 de foco. Antes ten\u00edamos familias carenciadas, adultos mayores, pero despu\u00e9s muchas personas perdieron sus ingresos, o quedaron con trabajos reducidos,\u00a0y eso complic\u00f3 much\u00edsimo la situaci\u00f3n\u201d, afirm\u00f3 Mart\u00edn. Y revel\u00f3 que, paralelamente, \u201clos insumos fueron cayendo\u201d.<\/p>\n<p>El comedor se mantiene con las donaciones de la gente de la ciudad, de comercios del barrio, tanto peque\u00f1os (los que m\u00e1s aportan) como grandes. Pero no tiene apoyo oficial, salvo el aporte que hace el municipio para la merienda. \u201cHace dos a\u00f1os hicimos la gesti\u00f3n para ser una ONG, tenemos la personer\u00eda jur\u00eddica, una comisi\u00f3n constituida desde hace dos a\u00f1os, pero nos est\u00e1 faltando el Cuil para ser asociaci\u00f3n civil. Con esto, tendremos\u00a0una cuenta\u00a0en el Banco Credicoop de Villa Constituci\u00f3n para poder recibir donaciones a trav\u00e9s de ese n\u00famero.\u00a0Pero eso tambi\u00e9n viene un poco retrasado\u00a0a ra\u00edz de la pandemia\u201d, coment\u00f3 la presidenta.<\/p>\n<p>La activista record\u00f3 que el rechazo a familias que iban a pedir comida era espor\u00e1dico, pero que \u201cahora se volvi\u00f3 m\u00e1s cotidiano\u201d. A esto se suma que las provisiones son para cocinar las viandas, pero ocurre que\u00a0apenas llegan, ya hay gente en la puerta pidiendo harina, pan o verduras. \u201cLos insumos llegan pero desaparecen casi instant\u00e1neamente. Ten\u00e9s que decidir si entreg\u00e1s materia prima o la us\u00e1s para cocinar\u201d, explic\u00f3 la mujer.<\/p>\n<p>Mientras tanto, y con la llegada del fr\u00edo, desde Pancitas Llenas ya est\u00e1n teniendo nuevas demandas. Por eso, lanzaron una\u00a0campa\u00f1a para conseguir zapatillas, \u201clo fundamental\u201d. Piden de todos los n\u00fameros, sobre todo n\u00fameros chicos para abastecer a los ni\u00f1os, pero \u201ctodo es \u00fatil, porque tenemos adultos que ya se han acercado a pedirnos\u201d, revel\u00f3 Mart\u00edn.<\/p>\n<h6>Fuente: La Capital<\/h6>\n","protected":false},"excerpt":{"rendered":"<p>Pancitas Llenas funciona en Villa Constituci\u00f3n. Los pedidos crecen y los insumos no alcanzan. Ahora llega el fr\u00edo y adem\u00e1s piden zapatillas<\/p>\n","protected":false},"author":2,"featured_media":114163,"comment_status":"closed","ping_status":"closed","sticky":false,"template":"","format":"standard","meta":{"footnotes":""},"categories":[2],"tags":[10],"class_list":["post-114162","post","type-post","status-publish","format-standard","has-post-thumbnail","hentry","category-informe-municipal","tag-santa-fe"],"_links":{"self":[{"href":"http:\/\/argentinamunicipal.com.ar\/argentina\/wp-json\/wp\/v2\/posts\/114162","targetHints":{"allow":["GET"]}}],"collection":[{"href":"http:\/\/argentinamunicipal.com.ar\/argentina\/wp-json\/wp\/v2\/posts"}],"about":[{"href":"http:\/\/argentinamunicipal.com.ar\/argentina\/wp-json\/wp\/v2\/types\/post"}],"author":[{"embeddable":true,"href":"http:\/\/argentinamunicipal.com.ar\/argentina\/wp-json\/wp\/v2\/users\/2"}],"replies":[{"embeddable":true,"href":"http:\/\/argentinamunicipal.com.ar\/argentina\/wp-json\/wp\/v2\/comments?post=114162"}],"version-history":[{"count":0,"href":"http:\/\/argentinamunicipal.com.ar\/argentina\/wp-json\/wp\/v2\/posts\/114162\/revisions"}],"wp:featuredmedia":[{"embeddable":true,"href":"http:\/\/argentinamunicipal.com.ar\/argentina\/wp-json\/wp\/v2\/media\/114163"}],"wp:attachment":[{"href":"http:\/\/argentinamunicipal.com.ar\/argentina\/wp-json\/wp\/v2\/media?parent=114162"}],"wp:term":[{"taxonomy":"category","embeddable":true,"href":"http:\/\/argentinamunicipal.com.ar\/argentina\/wp-json\/wp\/v2\/categories?post=114162"},{"taxonomy":"post_tag","embeddable":true,"href":"http:\/\/argentinamunicipal.com.ar\/argentina\/wp-json\/wp\/v2\/tags?post=114162"}],"curies":[{"name":"wp","href":"https:\/\/api.w.org\/{rel}","templated":true}]}}