{"id":114170,"date":"2021-05-06T06:05:57","date_gmt":"2021-05-06T09:05:57","guid":{"rendered":"http:\/\/argentinamunicipal.com.ar\/argentina\/?p=114170"},"modified":"2021-05-06T06:05:57","modified_gmt":"2021-05-06T09:05:57","slug":"hacen-un-relevamiento-poblacional-en-venado-tuerto-para-definir-estrategias-laborales","status":"publish","type":"post","link":"http:\/\/argentinamunicipal.com.ar\/argentina\/hacen-un-relevamiento-poblacional-en-venado-tuerto-para-definir-estrategias-laborales\/","title":{"rendered":"Hacen un relevamiento poblacional en Venado Tuerto para definir estrategias laborales"},"content":{"rendered":"<p>Ya se relev\u00f3 a 320 familias y s\u00f3lo resta entrevistar a otras 80 para luego elaborar un diagn\u00f3stico<\/p>\n<p>Un relevamiento sobre la situaci\u00f3n laboral en los distintos barrios de la ciudad de Venado Tuerto, que viene llevando a cabo la municipalidad desde hace un mes, permitir\u00e1 determinar la situaci\u00f3n actual de la poblaci\u00f3n para proyectar acciones y beneficios a corto y mediano plazo. S\u00f3lo resta entrevistar a 80 familias venadenses y luego ser\u00e1 el momento de las conclusiones y de tomar medidas. Es el primer estudio de \u00e9ste tipo que se realiza desde la asunci\u00f3n del intendente radical Leonel Chiarella, en el a\u00f1o 2019.<br \/>\nTras un mes de relevamiento, se visitaron 320 viviendas en distintos puntos de la ciudad, como parte del trabajo de campo que viene efectuando la Oficina Municipal de Empleo, con aval del Instituto Provincial de Estad\u00edsticas y Censo (IPEC), para\u00a0sondear la situaci\u00f3n laboral en Venado Tuerto y poder focalizar pol\u00edticas p\u00fablicas.<br \/>\nYa se recorrieron los barrios San Cayetano, G\u00fcemes, Centro I, Centro III, San Jos\u00e9 Obrero, San Mart\u00edn, Ciudad Nueva, Norte y Villa Casey. Cada domicilio es visitado por encuestadores debidamente identificados, quienes relevan datos como nivel de ocupaci\u00f3n del grupo familiar, situaci\u00f3n de los desocupados, periodo de desempleo y estrategias de b\u00fasqueda laboral, entre otros indicadores de inter\u00e9s.<\/p>\n<p>In\u00e9s Paitov\u00ed, a cargo de la Oficina de Empleo, coment\u00f3: \u201cNos quedan 80 hogares y con eso vamos a culminar el relevamiento.\u00a0Nos quedan algunas visitas en los barrios Rivadavia, Belgrano, Provincias Unidas, San Cayetano y San Vicente. Y comenzar de cero en la zona de Los Pinos, Los Robles y Santa Rosa\u201d, sostuvo.<\/p>\n<p>El muestreo de 400 casas es aleatorio, estratificado y proporcional a las zonas, que fueron predeterminadas por cualidades socioecon\u00f3micas de acuerdo a datos actualizados a 2020. Tal lo programado, el relevamiento ser\u00e1 completado la semana entrante y luego vendr\u00e1 la etapa de procesamiento de datos.<\/p>\n<p><strong>Apoyo al comercio<\/strong><br \/>\nPor su parte, la Secretar\u00eda de Desarrollo Productivo y Planeamiento Urbano anunci\u00f3 un\u00a0paquete de medidas de apoyo al comercio local y emprendedores para mitigar los efectos econ\u00f3micos de la pandemia. Entre las medidas figura\u00a0una l\u00ednea crediticia a tasa cero para emprendedores; reducci\u00f3n del costo de las habilitaciones comerciales de un 50 por ciento hasta fin de a\u00f1o (quedan excluidas las empresas que facturan m\u00e1s de 10 millones de pesos al a\u00f1o) y la condonaci\u00f3n total de DRI y TGI\u00a0para los comercios afectados.<\/p>\n<p>Estas medidas se someter\u00e1n a aprobaci\u00f3n del Concejo en los pr\u00f3ximos d\u00edas, para lo cual el Ejecutivo est\u00e1 delineando sendos proyectos de ordenanza. El anuncio estuvo a cargo del secretario de Desarrollo Productivo y Planeamiento Urbano, Santiago Meardi, junto a la directora de Industria y Comercio, Geraldina Morguen, y la coordinadora de Emprendedurismo y Econom\u00eda Social, Camila Vicente.<\/p>\n<p>Meardi sostuvo que \u201cesta pol\u00edtica de cr\u00e9ditos es parte de un plan integral denominado Impulso Emprendedor, que cuenta con un abordaje integral de cercan\u00eda donde adem\u00e1s de la financiaci\u00f3n de proyectos hay un acompa\u00f1amiento de los diferentes trayectos del emprendimiento como es la `vidriera digital\u00b4, y una serie de capacitaciones tendientes a dotar de m\u00e1s y mejores herramientas\u201d.<\/p>\n<h6>Fuente: La Capital<\/h6>\n","protected":false},"excerpt":{"rendered":"<p>Ya se relev\u00f3 a 320 familias y s\u00f3lo resta entrevistar a otras 80 para luego elaborar un diagn\u00f3stico<\/p>\n","protected":false},"author":2,"featured_media":114171,"comment_status":"closed","ping_status":"closed","sticky":false,"template":"","format":"standard","meta":{"footnotes":""},"categories":[2],"tags":[10],"class_list":["post-114170","post","type-post","status-publish","format-standard","has-post-thumbnail","hentry","category-informe-municipal","tag-santa-fe"],"_links":{"self":[{"href":"http:\/\/argentinamunicipal.com.ar\/argentina\/wp-json\/wp\/v2\/posts\/114170","targetHints":{"allow":["GET"]}}],"collection":[{"href":"http:\/\/argentinamunicipal.com.ar\/argentina\/wp-json\/wp\/v2\/posts"}],"about":[{"href":"http:\/\/argentinamunicipal.com.ar\/argentina\/wp-json\/wp\/v2\/types\/post"}],"author":[{"embeddable":true,"href":"http:\/\/argentinamunicipal.com.ar\/argentina\/wp-json\/wp\/v2\/users\/2"}],"replies":[{"embeddable":true,"href":"http:\/\/argentinamunicipal.com.ar\/argentina\/wp-json\/wp\/v2\/comments?post=114170"}],"version-history":[{"count":0,"href":"http:\/\/argentinamunicipal.com.ar\/argentina\/wp-json\/wp\/v2\/posts\/114170\/revisions"}],"wp:featuredmedia":[{"embeddable":true,"href":"http:\/\/argentinamunicipal.com.ar\/argentina\/wp-json\/wp\/v2\/media\/114171"}],"wp:attachment":[{"href":"http:\/\/argentinamunicipal.com.ar\/argentina\/wp-json\/wp\/v2\/media?parent=114170"}],"wp:term":[{"taxonomy":"category","embeddable":true,"href":"http:\/\/argentinamunicipal.com.ar\/argentina\/wp-json\/wp\/v2\/categories?post=114170"},{"taxonomy":"post_tag","embeddable":true,"href":"http:\/\/argentinamunicipal.com.ar\/argentina\/wp-json\/wp\/v2\/tags?post=114170"}],"curies":[{"name":"wp","href":"https:\/\/api.w.org\/{rel}","templated":true}]}}