{"id":114187,"date":"2021-05-06T06:28:41","date_gmt":"2021-05-06T09:28:41","guid":{"rendered":"http:\/\/argentinamunicipal.com.ar\/argentina\/?p=114187"},"modified":"2021-05-06T06:28:41","modified_gmt":"2021-05-06T09:28:41","slug":"santa-fe-quiere-ampliar-en-40-veces-el-parque-nacional-que-protege-el-delta-y-las-islas-del-parana","status":"publish","type":"post","link":"http:\/\/argentinamunicipal.com.ar\/argentina\/santa-fe-quiere-ampliar-en-40-veces-el-parque-nacional-que-protege-el-delta-y-las-islas-del-parana\/","title":{"rendered":"Santa Fe quiere ampliar en 40 veces el Parque Nacional que protege el Delta y las islas del Paran\u00e1"},"content":{"rendered":"<p>Las constantes quemas e incendios motivaron la iniciativa para la protecci\u00f3n ambiental de los humedales. El Parque Nacional Islas de Santa Fe tiene, actualmente, una extensi\u00f3n de 4.096 hect\u00e1reas sobre la zona de islas del Delta del Paran\u00e1.<\/p>\n<p>El Gobierno de Santa Fe quiere ampliar en 40 veces la actual superficie del \u00fanico Parque Nacional que posee la provincia, para proteger 160.000 hect\u00e1reas del Delta e islas del r\u00edo Paran\u00e1 como \u00e1reas naturales, informaron fuentes oficiales.<\/p>\n<p>La ministra de Ambiente y Cambio Clim\u00e1tico de la provincia, Erika Gonnet, avanz\u00f3 en ese proyecto durante un encuentro que mantuvo hoy en forma virtual con el titular de Ambiente y Desarrollo Sostenible de la Naci\u00f3n, Juan Cabandi\u00e9, y el presidente de Parques Nacionales, Lautaro Erratchu.<\/p>\n<p>\u00abDesde el Gobierno nacional han demostrado la voluntad pol\u00edtica de trabajar en forma conjunta, contin\u00faan los relevamientos y estudios t\u00e9cnicos para identificar las zonas posibles de ampliaci\u00f3n mientras que se realizan las primeras intervenciones para el desarrollo de espacios de uso p\u00fablico\u00bb, resalt\u00f3 Gonnet luego del encuentro.<\/p>\n<p>El Parque Nacional Islas de Santa Fe tiene, actualmente, una extensi\u00f3n de 4.096 hect\u00e1reas sobre la zona de islas del Delta del Paran\u00e1, que componen un \u00e1rea natural protegida.<\/p>\n<p>Las constantes quemas e incendios en las islas del Delta santafesino ocurridas durante el a\u00f1o pasado, llevaron al Gobierno provincial a impulsar una ampliaci\u00f3n del \u00e1rea con fines de protecci\u00f3n ambiental de los humedales.<\/p>\n<p>Seg\u00fan inform\u00f3 hoy la administraci\u00f3n santafesina a trav\u00e9s de un comunicado, posee un estudio realizado en conjunto con el Consejo Federal de Inversiones (CFI) y la Fundaci\u00f3n H\u00e1bitat y Desarrollo, sobre una superficie total de 160.000 hect\u00e1reas en el \u00e1rea del Delta e islas, entre la capital provincial y la ciudad de Rosario.<\/p>\n<p>La ministra Gonnet dijo tras el encuentro con Cabandi\u00e9 que \u00abnuestra propuesta de extensi\u00f3n del Parque Nacional es una de las acciones que gestionamos para proteger las \u00e1reas naturales, sobre todo luego de un a\u00f1o tr\u00e1gico como el que atravesamos con los incendios durante 2020\u00bb.<\/p>\n<p>En esa l\u00ednea, enumer\u00f3 acciones como la creaci\u00f3n de \u00ablos faros de conservaci\u00f3n en el Parque Nacional, en Villa Constituci\u00f3n y en la isla &#8216;Sabino Corsi&#8217; frente a Rosario\u00bb.<\/p>\n<p>Gonnet record\u00f3 tambi\u00e9n que \u00abhemos impulsado la incorporaci\u00f3n de \u00e1reas naturales protegidas en la provincia, sumando 2.600 hect\u00e1reas en zonas costeras\u00bb.<\/p>\n<p>Por \u00faltimo, dijo que \u00abtenemos el compromiso de preservar la biodiversidad y sabemos que tanto el ministro Cabandi\u00e9, como el presidente Alberto Fern\u00e1ndez, trabajan en la misma sinton\u00eda\u00bb.<\/p>\n<p>As\u00ed, Gonnet se\u00f1al\u00f3 que \u00abhoy la ampliaci\u00f3n del Parque Nacional Islas de Santa Fe forma parte de la agenda ambiental tanto provincial como nacional\u00bb.<\/p>\n<h6>Fuente: El Litoral<\/h6>\n","protected":false},"excerpt":{"rendered":"<p>Las constantes quemas e incendios motivaron la iniciativa para la protecci\u00f3n ambiental de los humedales. El Parque Nacional Islas de Santa Fe tiene, actualmente, una extensi\u00f3n de 4.096 hect\u00e1reas sobre la zona de islas del Delta del Paran\u00e1.<\/p>\n","protected":false},"author":2,"featured_media":114188,"comment_status":"closed","ping_status":"closed","sticky":false,"template":"","format":"standard","meta":{"footnotes":""},"categories":[2],"tags":[10],"class_list":["post-114187","post","type-post","status-publish","format-standard","has-post-thumbnail","hentry","category-informe-municipal","tag-santa-fe"],"_links":{"self":[{"href":"http:\/\/argentinamunicipal.com.ar\/argentina\/wp-json\/wp\/v2\/posts\/114187","targetHints":{"allow":["GET"]}}],"collection":[{"href":"http:\/\/argentinamunicipal.com.ar\/argentina\/wp-json\/wp\/v2\/posts"}],"about":[{"href":"http:\/\/argentinamunicipal.com.ar\/argentina\/wp-json\/wp\/v2\/types\/post"}],"author":[{"embeddable":true,"href":"http:\/\/argentinamunicipal.com.ar\/argentina\/wp-json\/wp\/v2\/users\/2"}],"replies":[{"embeddable":true,"href":"http:\/\/argentinamunicipal.com.ar\/argentina\/wp-json\/wp\/v2\/comments?post=114187"}],"version-history":[{"count":0,"href":"http:\/\/argentinamunicipal.com.ar\/argentina\/wp-json\/wp\/v2\/posts\/114187\/revisions"}],"wp:featuredmedia":[{"embeddable":true,"href":"http:\/\/argentinamunicipal.com.ar\/argentina\/wp-json\/wp\/v2\/media\/114188"}],"wp:attachment":[{"href":"http:\/\/argentinamunicipal.com.ar\/argentina\/wp-json\/wp\/v2\/media?parent=114187"}],"wp:term":[{"taxonomy":"category","embeddable":true,"href":"http:\/\/argentinamunicipal.com.ar\/argentina\/wp-json\/wp\/v2\/categories?post=114187"},{"taxonomy":"post_tag","embeddable":true,"href":"http:\/\/argentinamunicipal.com.ar\/argentina\/wp-json\/wp\/v2\/tags?post=114187"}],"curies":[{"name":"wp","href":"https:\/\/api.w.org\/{rel}","templated":true}]}}