{"id":114474,"date":"2021-05-14T05:45:27","date_gmt":"2021-05-14T08:45:27","guid":{"rendered":"http:\/\/argentinamunicipal.com.ar\/argentina\/?p=114474"},"modified":"2021-05-13T19:06:16","modified_gmt":"2021-05-13T22:06:16","slug":"santa-fe-la-situacion-de-calle-es-una-de-las-expresiones-mas-crueles-de-la-pobreza","status":"publish","type":"post","link":"http:\/\/argentinamunicipal.com.ar\/argentina\/santa-fe-la-situacion-de-calle-es-una-de-las-expresiones-mas-crueles-de-la-pobreza\/","title":{"rendered":"Santa Fe: \u00abLa situaci\u00f3n de calle es una de las expresiones m\u00e1s crueles de la pobreza\u00bb"},"content":{"rendered":"<p>Sof\u00eda Garc\u00eda, coordinadora de la Red Puentes Santa Fe, advirti\u00f3 que la demanda supera ampliamente a la capacidad que hay en los paradores nocturnos. Este viernes se reunir\u00e1n, de forma virtual, con representantes del municipio.<\/p>\n<p>\u00abEn la ciudad de Santa Fe la situaci\u00f3n de calle es una problem\u00e1tica que es estructural, social y pol\u00edtica. No entendemos que sea una problem\u00e1tica invernal que tenga que ver con una cuesti\u00f3n clim\u00e1tica\u00bb, resalt\u00f3 la Licenciada en Trabajo Social, Sof\u00eda Garc\u00eda, quien es coordinadora de Red Puentes Santa Fe, y agreg\u00f3: \u00abHay familias completas en la calle, desde adultos mayores, mujeres, adolescentes, ni\u00f1as y ni\u00f1os, y no hay espacios estatales abiertos para abordar la problem\u00e1tica y contener a la poblaci\u00f3n\u00bb.<\/p>\n<p>Red Puentes Santa Fe cuenta con un Centro de D\u00eda y un Centro Integral Comunitario (CIC) nocturno. Es una organizaci\u00f3n social que pertenece al programa de casas de atenci\u00f3n y acompa\u00f1amiento comunitario de la Sedronar (Secretar\u00eda de Programaci\u00f3n para la Prevenci\u00f3n de la Drogadicci\u00f3n y Lucha contra el Narcotr\u00e1fico), y que tiene como ejes transversales a la situaci\u00f3n de calle y los consumos problem\u00e1ticos.<\/p>\n<p>En este \u00faltimo tiempo, la coordinadora observa que la demanda super\u00f3 por amplio margen a la capacidad de respuesta de la instituci\u00f3n. \u00abEn el dispositivo de Red Puentes, tanto en el centro de d\u00eda como el de noche y la asistencia en calle, trabajamos con m\u00e1s de 100 personas, sobre todo con j\u00f3venes. Eso no cubre al total de la poblaci\u00f3n que hoy est\u00e1 en la calle\u00bb, se\u00f1al\u00f3.<\/p>\n<p>Adem\u00e1s del trabajo que realizan los voluntarios en la sede, Garc\u00eda hizo menci\u00f3n a la funci\u00f3n en calle: \u00abDesde el 20 de marzo del 2020, cuando comienza la emergencia sanitaria, nosotros todos los mediod\u00edas y noches brindamos viandas a las personas en situaci\u00f3n de calle; entregamos barbijos, alcohol en gel; les dimos asistencia para que puedan tramitar el IFE, a veces gestionamos DNI, pensiones, y dem\u00e1s tr\u00e1mites\u00bb, mencion\u00f3 la trabajadora social en una entrevista con El Litoral.<\/p>\n<p><strong>A vacunarse<\/strong><br \/>\nEntre otras de las acciones de Red Puentes a valorar, sobre todo ante el panorama sanitario y teniendo en cuenta a la mayor vulnerabilidad que se exponen las personas en situaci\u00f3n de calle, fue la intervenci\u00f3n para que m\u00e1s de una decena de adultos mayores que habitan a la intemperie sean vacunados contra el Covid-19.<\/p>\n<p>\u00abDesde la Red Puentes participamos con la Regional de Salud de la Provincia, en el relevamiento enmarcado en la visibilizaci\u00f3n y concientizaci\u00f3n sobre la campa\u00f1a de vacunaci\u00f3n contra el Covid. Hay que pensar que las personas en situaci\u00f3n de calle que son adultos mayores o poblaci\u00f3n de riesgo no llegan a acceder de ninguna manera a la informaci\u00f3n para anotarse y llegar a la vacunaci\u00f3n, por eso fuimos los intermediarios\u00bb, coment\u00f3 Garc\u00eda.<\/p>\n<p>Este rastreo de la gente que desconoce los canales de inscripci\u00f3n para ser inmunizados contra el coronavirus, se realiz\u00f3 no solo en aquellas personas de la calle, sino tambi\u00e9n sobre vecinos que viven en barrios del cord\u00f3n oeste y los distritos de La Costa. Para llevarlo adelante participaron diversas organizaciones sociales.<\/p>\n<p><strong>Proyecto de ley\u00a0<\/strong><br \/>\nGarc\u00eda record\u00f3 que en el Congreso de la Naci\u00f3n est\u00e1 presentado un proyecto de ley desde fines de marzo de este a\u00f1o. La iniciativa propone la creaci\u00f3n, en el Ministerio de Desarrollo Social, de una coordinaci\u00f3n interministerial que aplique pol\u00edticas transversales de salud, vivienda y trabajo para la gente en calle; y se prev\u00e9 un sistema de atenci\u00f3n m\u00f3vil en todo el pa\u00eds y una red nacional de centros de integraci\u00f3n social con formaci\u00f3n y capacitaci\u00f3n en oficios.<\/p>\n<p>\u00abEs un proyecto de ley que contiene respuestas que las organizaciones sociales y eclesi\u00e1sticas venimos dando hace a\u00f1os a la problem\u00e1tica, que tiene que ver con respuestas integrales. Con centros que tengan un presupuesto acorde a la magnitud del problema, donde tenemos el 42% de la poblaci\u00f3n pobre y la situaci\u00f3n de calle viene a ser una de las expresiones m\u00e1s crueles de la pobreza y la pandemia lo \u00fanico que vino a hacer fue a profundizarla\u00bb.<\/p>\n<p><strong>COLECTA PARA VECINOS DE LA BOCA<\/strong><br \/>\nLa Subcomisi\u00f3n de Ambiente del Club N\u00e1utico Azopardo lanz\u00f3 una campa\u00f1a solidaria para reunir popa de abrigo para vecinos del barrio La Boca, ubicado en la zona costera de la ciudad. \u00abEl objetivo es juntar ropa de abrigo limpia y en buenas condiciones para aquellos vecinos de todas las edades que lo necesiten hasta el s\u00e1bado 29 de mayo\u00bb, informaron desde la entidad n\u00e1utica.\u00a0Quienes quieran colaborar pueden acercar su donaci\u00f3n a la secretar\u00eda del Club (Alem 3092) de 13 a 19 horas; en bolsas y buenas condiciones para preservar la higiene.<\/p>\n<p><strong>Reuni\u00f3n con el municipio<\/strong><br \/>\nEste viernes y de forma virtual, organizaciones sociales entre ellas la Red Puentes y La Casita de Luj\u00e1n, participar\u00e1n de una reuni\u00f3n junto a funcionarios del gobierno local para abordar las carencias que engloban a la asistencia hacia aquellos que no tienen un techo ni una cama para dormir.<\/p>\n<p>\u00abNosotros solicitamos al municipio, desde el 2020, soluciones de estructura para Red Puentes. Tenemos 10 plazas para que duerman y queremos ampliar progresivamente las camas, porque tenemos 65 personas en convivencia durante el d\u00eda y no todos tienen d\u00f3nde pasar la noche, por ejemplo en la ciudad no hay espacios para mujeres y disidencias que est\u00e1n en situaci\u00f3n de calle\u00bb, resalt\u00f3 la Licenciada en Trabajo Social.<\/p>\n<h6>Fuente: El Litoral<\/h6>\n","protected":false},"excerpt":{"rendered":"<p>Sof\u00eda Garc\u00eda, coordinadora de la Red Puentes Santa Fe, advirti\u00f3 que la demanda supera ampliamente a la capacidad que hay en los paradores nocturnos. Este viernes se reunir\u00e1n, de forma virtual, con representantes del municipio.\u00a0<\/p>\n","protected":false},"author":2,"featured_media":114475,"comment_status":"closed","ping_status":"closed","sticky":false,"template":"","format":"standard","meta":{"footnotes":""},"categories":[2],"tags":[10],"class_list":["post-114474","post","type-post","status-publish","format-standard","has-post-thumbnail","hentry","category-informe-municipal","tag-santa-fe"],"_links":{"self":[{"href":"http:\/\/argentinamunicipal.com.ar\/argentina\/wp-json\/wp\/v2\/posts\/114474","targetHints":{"allow":["GET"]}}],"collection":[{"href":"http:\/\/argentinamunicipal.com.ar\/argentina\/wp-json\/wp\/v2\/posts"}],"about":[{"href":"http:\/\/argentinamunicipal.com.ar\/argentina\/wp-json\/wp\/v2\/types\/post"}],"author":[{"embeddable":true,"href":"http:\/\/argentinamunicipal.com.ar\/argentina\/wp-json\/wp\/v2\/users\/2"}],"replies":[{"embeddable":true,"href":"http:\/\/argentinamunicipal.com.ar\/argentina\/wp-json\/wp\/v2\/comments?post=114474"}],"version-history":[{"count":0,"href":"http:\/\/argentinamunicipal.com.ar\/argentina\/wp-json\/wp\/v2\/posts\/114474\/revisions"}],"wp:featuredmedia":[{"embeddable":true,"href":"http:\/\/argentinamunicipal.com.ar\/argentina\/wp-json\/wp\/v2\/media\/114475"}],"wp:attachment":[{"href":"http:\/\/argentinamunicipal.com.ar\/argentina\/wp-json\/wp\/v2\/media?parent=114474"}],"wp:term":[{"taxonomy":"category","embeddable":true,"href":"http:\/\/argentinamunicipal.com.ar\/argentina\/wp-json\/wp\/v2\/categories?post=114474"},{"taxonomy":"post_tag","embeddable":true,"href":"http:\/\/argentinamunicipal.com.ar\/argentina\/wp-json\/wp\/v2\/tags?post=114474"}],"curies":[{"name":"wp","href":"https:\/\/api.w.org\/{rel}","templated":true}]}}