{"id":114477,"date":"2021-05-14T05:09:49","date_gmt":"2021-05-14T08:09:49","guid":{"rendered":"http:\/\/argentinamunicipal.com.ar\/argentina\/?p=114477"},"modified":"2021-05-13T19:21:12","modified_gmt":"2021-05-13T22:21:12","slug":"se-perdieron-mas-de-mil-puestos-de-trabajo-en-comercios-rosarinos-desde-el-inicio-de-la-pandemia","status":"publish","type":"post","link":"http:\/\/argentinamunicipal.com.ar\/argentina\/se-perdieron-mas-de-mil-puestos-de-trabajo-en-comercios-rosarinos-desde-el-inicio-de-la-pandemia\/","title":{"rendered":"Se perdieron m\u00e1s de mil puestos de trabajo en comercios rosarinos desde el inicio de la pandemia"},"content":{"rendered":"<p>Los cierres emblem\u00e1ticos de Falabella y Garbarino concentraron entre ambos m\u00e1s de un centenar de puestos trabajos perdidos.<\/p>\n<p>Desde la Asociaci\u00f3n de Empleados de Comercio (AEC) confirmaron que, durante el per\u00edodo comprendido entre el 19 de marzo de 2020, cuando se puso en marcha la cuarentena, hasta mayo de 2021,\u00a0se perdieron 1.500 puestos de trabajo\u00a0registrados en locales rosarinos.<\/p>\n<p>Los n\u00fameros se agravar\u00edan si se suma la p\u00e9rdida en los negocios informales, los cuales, al no encontrarse registrados,\u00a0no permitir\u00eda\u00a0dar cuenta del cimbronazo real provocado por la pandemia.<\/p>\n<p>Durante las \u00faltimas semanas, los cierres emblem\u00e1ticos de Falabella y Garbarino\u00a0concentraron\u00a0entre ambos m\u00e1s de un centenar de puestos trabajos perdidos. En el primer caso, si bien la clausura estaba prevista para el 31 de mayo, finalmente seguir\u00e1 abierta\u00a0hasta el 12 de junio. La medida obedece a que se enviar\u00e1n para liquidar productos remanentes que quedaron del local que la compa\u00f1\u00eda tiene en el shopping Unicenter de\u00a0Buenos Aires, cerrado hace dos semanas.<\/p>\n<p>Por su parte, los\u00a056 trabajadores de Garbarino\u00a0s\u00f3lo percibieron 4.700 pesos en concepto salarial en lo que va del mes, n\u00famero que no se ajusta a los t\u00e9rminos de un acuerdo previo con la patronal del pago de los haberes en cuatro cuotas. La compa\u00f1\u00eda tambi\u00e9n mantiene una deuda de casi 10 mil pesos del sueldo del mes pasado, a la que se suman otras cifras hist\u00f3ricas, incluso previas a la pandemia.<\/p>\n<p>Mientras se negocia en el Ministerio de Trabajo de la Naci\u00f3n una salida a este conflicto, la empresa cerr\u00f3 el Hot Sale con un muy buen nivel de ventas, lo que consolidar\u00eda la intenci\u00f3n de\u00a0readaptar\u00a0el funcionamiento de la compa\u00f1\u00eda.<\/p>\n<h6>Fuente: Sin Mordaza<\/h6>\n","protected":false},"excerpt":{"rendered":"<p>Los cierres emblem\u00e1ticos de Falabella y Garbarino concentraron entre ambos m\u00e1s de un centenar de puestos trabajos perdidos.<\/p>\n","protected":false},"author":2,"featured_media":114478,"comment_status":"closed","ping_status":"closed","sticky":false,"template":"","format":"standard","meta":{"footnotes":""},"categories":[2],"tags":[10],"class_list":["post-114477","post","type-post","status-publish","format-standard","has-post-thumbnail","hentry","category-informe-municipal","tag-santa-fe"],"_links":{"self":[{"href":"http:\/\/argentinamunicipal.com.ar\/argentina\/wp-json\/wp\/v2\/posts\/114477","targetHints":{"allow":["GET"]}}],"collection":[{"href":"http:\/\/argentinamunicipal.com.ar\/argentina\/wp-json\/wp\/v2\/posts"}],"about":[{"href":"http:\/\/argentinamunicipal.com.ar\/argentina\/wp-json\/wp\/v2\/types\/post"}],"author":[{"embeddable":true,"href":"http:\/\/argentinamunicipal.com.ar\/argentina\/wp-json\/wp\/v2\/users\/2"}],"replies":[{"embeddable":true,"href":"http:\/\/argentinamunicipal.com.ar\/argentina\/wp-json\/wp\/v2\/comments?post=114477"}],"version-history":[{"count":0,"href":"http:\/\/argentinamunicipal.com.ar\/argentina\/wp-json\/wp\/v2\/posts\/114477\/revisions"}],"wp:featuredmedia":[{"embeddable":true,"href":"http:\/\/argentinamunicipal.com.ar\/argentina\/wp-json\/wp\/v2\/media\/114478"}],"wp:attachment":[{"href":"http:\/\/argentinamunicipal.com.ar\/argentina\/wp-json\/wp\/v2\/media?parent=114477"}],"wp:term":[{"taxonomy":"category","embeddable":true,"href":"http:\/\/argentinamunicipal.com.ar\/argentina\/wp-json\/wp\/v2\/categories?post=114477"},{"taxonomy":"post_tag","embeddable":true,"href":"http:\/\/argentinamunicipal.com.ar\/argentina\/wp-json\/wp\/v2\/tags?post=114477"}],"curies":[{"name":"wp","href":"https:\/\/api.w.org\/{rel}","templated":true}]}}