{"id":114592,"date":"2021-05-19T05:30:18","date_gmt":"2021-05-19T08:30:18","guid":{"rendered":"http:\/\/argentinamunicipal.com.ar\/argentina\/?p=114592"},"modified":"2021-05-18T19:00:09","modified_gmt":"2021-05-18T22:00:09","slug":"perotti-ya-no-es-omar-en-la-casa-rosada","status":"publish","type":"post","link":"http:\/\/argentinamunicipal.com.ar\/argentina\/perotti-ya-no-es-omar-en-la-casa-rosada\/","title":{"rendered":"Perotti ya no es Omar en la Casa Rosada"},"content":{"rendered":"<p>Desde ayer, Omar pas\u00f3 a ser Perotti en la Casa Rosada. Habr\u00e1 que ver si en la Casa Gris sucede lo mismo, si Alberto ser\u00e1 Fern\u00e1ndez. El gobernador de Santa Fe marc\u00f3 su propia distancia con el Presidente, al criticarlo sin tapujos por su decisi\u00f3n de suspender las exportaciones de carne por 30 d\u00edas para bajar los precios internos. Alberto dijo que \u201cel tema de la carne se desmadr\u00f3\u201d por la \u201capertura total\u201d de las ventas al exterior que dispuso Mauricio Macri y el \u201cboom de China\u201d como uno de los grandes compradores de carne argentina. Perotti le reproch\u00f3 a Alberto por esos \u201ccambios de las reglas de juego\u201d y alentar \u201csoluciones que no funcionan\u201d y \u201cs\u00f3lo perjudican el futuro de la actividad\u201d.<\/p>\n<p>El gobernador meti\u00f3 mucho barullo pol\u00edtico en el Frente de Todos, con s\u00f3lo tres tuits que public\u00f3 a media ma\u00f1ana, no \u00e9l sino la encargada de sus cuentas en las redes, que es conocida en los corrillos oficiales. La reacci\u00f3n de la militancia peronista que responde al liderazgo de CFK fue inmediata, tanto como la bronca con el mandatario. \u201c\u00bfNo habr\u00e1 al menos uno en el gabinete de Perotti que de un portazo?\u201d, se pregunt\u00f3 uno de los enojados.<\/p>\n<p>Perotti atraviesa su peor semana en la Casa Gris por hechos que est\u00e1n a la vista. El colapso del sistema sanitario. Su anterior desaf\u00edo a Fern\u00e1ndez -cuando insisti\u00f3 hace quince d\u00edas con las clases presenciales en zonas de alerta epidemiol\u00f3gica- por el que ayer tuvo que recular. Y lo \u00faltimo: el rechazo a la suspensi\u00f3n de las exportaciones de carne, con una doble demanda al Presidente porque \u201ccambi\u00f3 las reglas de juego\u201d y aplica \u201csoluciones que no funcionan\u201d.<\/p>\n<p>Al final del d\u00eda, Perotti qued\u00f3 a la par de los cr\u00edticos m\u00e1s airados de Alberto y de su propio gobierno en la provincia. No fue casual entonces su coincidencia con el interbloque de legisladores de la UCR, que lideran el senador Felipe Michlig y el diputado Maximiliano Pullaro. Los radicales creen que la decisi\u00f3n de Alberto de suspender las exportaciones de carne \u201csumar\u00e1 m\u00e1s problemas\u201d y responde a un \u201csevero error de diagn\u00f3stico\u201d que s\u00f3lo aplica medidas \u201ccortoplacistas\u201d y \u201cefectistas\u201d.<\/p>\n<p>En ocho l\u00edneas, Perotti hab\u00eda marcado su distancia con Alberto. \u201cEn Santa Fe, la ganader\u00eda genera trabajo, inversiones y tiene un inmenso potencial. Los cambios en las reglas de juego, con soluciones que no funcionan, s\u00f3lo perjudican el futuro de la actividad que tanto nos brinda a los santafesinos\u201d.<\/p>\n<p>\u201cLa soluci\u00f3n es aumentar la producci\u00f3n y no cerrar las exportaciones. Tenemos las condiciones para abastecer el mercado interno y externo, manteniendo la posibilidad de exportar nuestros productos al mundo\u201d, dijo el gobernador. Y cerr\u00f3 con tono salom\u00f3nico. \u201cEntre todos debemos trabajar de cara al futuro de la provincia, con una visi\u00f3n amplia que nos permita potenciar la ganader\u00eda, no achicarla\u201d.<\/p>\n<p>La cr\u00edtica de Perotti a Alberto impact\u00f3 en la militancia identificada con Cristina, que pas\u00f3 de la sorpresa a la cr\u00edtica abierta. \u201c\u00bfNo habr\u00e1 al menos uno del gabinete de Perotti que de un portazo? Digo\u2026. Como para poder creer en alguien de por ac\u00e1\u201d, plante\u00f3 Hugo Kofman, uno de los referentes del Foro contra la Impunidad y por la Justicia de Santa Fe, que integra a los organismos de derechos humanos. Su compa\u00f1era Julia agreg\u00f3: \u201cSin palabras\u201d.<\/p>\n<h6>Fuente: P\u00e1gina 12<\/h6>\n","protected":false},"excerpt":{"rendered":"<p>Desde ayer, Omar pas\u00f3 a ser Perotti en la Casa Rosada. Habr\u00e1 que ver si en la Casa Gris sucede lo mismo, si Alberto ser\u00e1 Fern\u00e1ndez. El gobernador de Santa Fe marc\u00f3 su propia distancia con el Presidente, al criticarlo sin tapujos por su decisi\u00f3n de suspender las exportaciones de carne por 30 d\u00edas<\/p>\n","protected":false},"author":2,"featured_media":114593,"comment_status":"closed","ping_status":"closed","sticky":false,"template":"","format":"standard","meta":{"footnotes":""},"categories":[4],"tags":[10],"class_list":["post-114592","post","type-post","status-publish","format-standard","has-post-thumbnail","hentry","category-informe-politico","tag-santa-fe"],"_links":{"self":[{"href":"http:\/\/argentinamunicipal.com.ar\/argentina\/wp-json\/wp\/v2\/posts\/114592","targetHints":{"allow":["GET"]}}],"collection":[{"href":"http:\/\/argentinamunicipal.com.ar\/argentina\/wp-json\/wp\/v2\/posts"}],"about":[{"href":"http:\/\/argentinamunicipal.com.ar\/argentina\/wp-json\/wp\/v2\/types\/post"}],"author":[{"embeddable":true,"href":"http:\/\/argentinamunicipal.com.ar\/argentina\/wp-json\/wp\/v2\/users\/2"}],"replies":[{"embeddable":true,"href":"http:\/\/argentinamunicipal.com.ar\/argentina\/wp-json\/wp\/v2\/comments?post=114592"}],"version-history":[{"count":0,"href":"http:\/\/argentinamunicipal.com.ar\/argentina\/wp-json\/wp\/v2\/posts\/114592\/revisions"}],"wp:featuredmedia":[{"embeddable":true,"href":"http:\/\/argentinamunicipal.com.ar\/argentina\/wp-json\/wp\/v2\/media\/114593"}],"wp:attachment":[{"href":"http:\/\/argentinamunicipal.com.ar\/argentina\/wp-json\/wp\/v2\/media?parent=114592"}],"wp:term":[{"taxonomy":"category","embeddable":true,"href":"http:\/\/argentinamunicipal.com.ar\/argentina\/wp-json\/wp\/v2\/categories?post=114592"},{"taxonomy":"post_tag","embeddable":true,"href":"http:\/\/argentinamunicipal.com.ar\/argentina\/wp-json\/wp\/v2\/tags?post=114592"}],"curies":[{"name":"wp","href":"https:\/\/api.w.org\/{rel}","templated":true}]}}