{"id":114619,"date":"2021-05-19T04:43:12","date_gmt":"2021-05-19T07:43:12","guid":{"rendered":"http:\/\/argentinamunicipal.com.ar\/argentina\/?p=114619"},"modified":"2021-05-18T19:45:51","modified_gmt":"2021-05-18T22:45:51","slug":"la-provincia-de-santa-fe-licita-en-mayo-obras-por-2-400-millones","status":"publish","type":"post","link":"http:\/\/argentinamunicipal.com.ar\/argentina\/la-provincia-de-santa-fe-licita-en-mayo-obras-por-2-400-millones\/","title":{"rendered":"La provincia de Santa Fe licita en mayo obras por $ 2.400 millones"},"content":{"rendered":"<p>Entre otros, Castellanos recibir\u00e1 inversiones por $ 1.084 millones; Vera por 872,7; La Capital, 389 millones; Garay, 353,7 millones y General L\u00f3pez, 301 millones. Contar\u00e1n con mejor infraestructura vial, edilicia y del servicio de energ\u00eda el\u00e9ctrica.<\/p>\n<p>La ministra de Infraestructura, Servicios P\u00fablicos y H\u00e1bitat, Silvina Frana, destac\u00f3 que \u00abtenemos un presupuesto que equilibra la obra p\u00fablica en toda la provincia\u00bb, al detallar las licitaciones previstas para mayo por el Estado provincial.<\/p>\n<p>Dijo que en lo que va del mes \u00ablicitamos obras por m\u00e1s de $ 2.400 millones en diferentes localidades de ocho departamentos\u00bb, mientras que en abril se abrieron sobres por otros $ 940 millones\u00bb.<\/p>\n<p>\u00abDe los 19 departamentos que tiene la provincia, en los primeros cuatro meses del a\u00f1o licitamos obras en 14 departamentos\u00bb, inform\u00f3 la funcionaria.<\/p>\n<p>Frana destac\u00f3 \u00abnuestra vocaci\u00f3n de justicia social, de llegar con las obras a cada rinc\u00f3n de la provincia, sin distinciones pol\u00edticas ni partidarias. Lo principal es dar respuesta a la necesidad de la gente\u00bb, expres\u00f3.<\/p>\n<p>Destac\u00f3 que las licitaciones \u00abtienen respaldo financiero\u00bb lo que \u00abda respuesta y transparencia a un proceso que antiguamente generaba incumplimiento de pagos, retraso o paralizaci\u00f3n de la obra p\u00fablica\u00bb, opin\u00f3.<\/p>\n<p>\u00abNuestro objetivo es que cada obra tenga los recursos necesarios, para dar certezas a las empresas constructoras y poder exigir el ritmo y cumplimiento de los plazos pactados en cada pliego\u00bb, subray\u00f3 la ministra.<\/p>\n<p><strong>Arraigo y econom\u00eda<\/strong><br \/>\n\u00abCon cada obra nueva hablamos de la generaci\u00f3n de puestos de trabajo, de reactivaci\u00f3n econ\u00f3mica y arraigo. No somos una gesti\u00f3n de obras fara\u00f3nicas, somos una gesti\u00f3n de obras para la gente. Muchas s\u00f3lo se ven cuando comienzan como las de desag\u00fces. Pero son obras necesarias que transforman la calidad de vida a muchos habitantes\u00bb, dijo.<\/p>\n<p>Infraestructuras, pavimentaci\u00f3n, edificios institucionales y cient\u00edficos-tur\u00edsticos, agua potable y servicio el\u00e9ctrico y viviendas son los rubros alcanzados por la inversi\u00f3n.<\/p>\n<p>\u00abSon obras que transforman y mejoran la vida cotidiana de muchos habitantes\u00bb.<\/p>\n<p>\u00abLa pandemia hizo visible lo que siempre estuvo ah\u00ed, la desigualdad territorial, las desigualdades ya presentes desde hace tiempo que exacerban e interpelan la fragilidad de un sistema pol\u00edtico que tiene que cambiar con un alto sentido de justicia social\u00bb, sostuvo.<\/p>\n<p>\u00abAnte esto, la respuesta inc\u00f3moda es apuntar a la indiferencia social, la falta de reflexi\u00f3n cr\u00edtica y nuestra incapacidad de reconocernos como comunidad. Si hay algo que nos dej\u00f3 claro esta pandemia, es que nos necesitamos juntos\u00bb, observ\u00f3.<\/p>\n<p>Destac\u00f3 que la decisi\u00f3n pol\u00edtica del gobernador \u00abfue sanear las cuentas de la provincia, permitiendo la continuidad de las obras iniciadas en la gesti\u00f3n anterior, priorizando las relacionadas con la salud, seguridad y educaci\u00f3n, y todas aquellas que son necesarias para la gente\u00bb.<\/p>\n<p>Como se\u00f1al\u00f3 el ministro de Trabajo, Juan Manuel Pusineri, hacia principios de este a\u00f1o \u00abregistramos en la construcci\u00f3n niveles de actividad superiores a la prepandemia, lo que muestra la importante generaci\u00f3n de empleo\u00bb, agreg\u00f3.<\/p>\n<p><strong>El Observatorio del Code<\/strong><br \/>\nCon un presupuesto oficial de $ 60.624.606,41 el ministerio de Infraestructura, Servicios P\u00fablicos y H\u00e1bitat licitar\u00e1, el 31 de mayo, las obras para completar el Centro de Observadores del Espacio de Santa Fe.<\/p>\n<p>La ministra Silvina Frana record\u00f3 que se trata de un proyecto que \u00abse inici\u00f3 en 2017, que llevaba adelante la Municipalidad de Santa Fe con un aporte de la provincia, y que por diversas cuestiones no prosper\u00f3\u00bb.<\/p>\n<p>Pidi\u00f3 valorar \u00abla resoluci\u00f3n de esta obra, un emblema para todos los santafesinos, un espacio valios\u00edsimo que cuenta con informaci\u00f3n cient\u00edfico cultural. Y que tambi\u00e9n forma parte de ese esquema tur\u00edstico que impulsa el gobernador Omar Perotti, con el objetivo de generar las condiciones para que tambi\u00e9n el turismo sea una fuente de trabajo, de conocimiento y de cultura\u00bb, destac\u00f3 Frana.<\/p>\n<p><strong>T\u00edtulos y presupuestos<\/strong><br \/>\nLa inversi\u00f3n m\u00e1s importante en el departamento La Capital es por $ 322,2 millones y consiste en la construcci\u00f3n de la estructura de hormig\u00f3n armado del edificio que ser\u00e1 sede del Tribunal de Cuentas de la Provincia. Adem\u00e1s, con algo m\u00e1s de 6 millones se har\u00e1 una \u00abremodelaci\u00f3n y puesta en valor\u00bb del taller del propio ministerio de Infraestructura, adem\u00e1s de completar con 60 millones el Observatorio del Code.<\/p>\n<p>En el departamento con m\u00e1s flujo de inversiones, Castellanos, son relevantes la pavimentaci\u00f3n de la Ruta Provincial 63, tramo Colonia Margarita-Ruta Provincial 13 por casi $ 793 millones y la la pavimentaci\u00f3n y ripiado de la Ruta Provincial 48 en el tramo entre la Ruta Provincial 13 (en Mar\u00eda Juana) y la localidad de Garibaldi, que suma otros 258,7 millones.<\/p>\n<p>Le sigue en beneficios el departamento Vera, con 872,7 millones para la pavimentaci\u00f3n de la Ruta Provincial 36, en el tramo entre la Ruta Provincial 87-S (Colonia Saguier) y la Ruta Nacional 11.<\/p>\n<p>En General L\u00f3pez se destinan 128,3 millones a la reparaci\u00f3n y ampliaci\u00f3n del Hospital General San Mart\u00edn de Firmat y se ejecutar\u00e1n 39 viviendas de dos dormitorios con su infraestructura urbana por $ 172 millones, en la localidad de San Gregorio.<\/p>\n<h6>Fuente: El Litoral<\/h6>\n","protected":false},"excerpt":{"rendered":"<p>Entre otros, Castellanos recibir\u00e1 inversiones por $ 1.084 millones; Vera por 872,7; La Capital, 389 millones; Garay, 353,7 millones y General L\u00f3pez, 301 millones. Contar\u00e1n con mejor infraestructura vial, edilicia y del servicio de energ\u00eda el\u00e9ctrica.\u00a0<\/p>\n","protected":false},"author":2,"featured_media":114620,"comment_status":"closed","ping_status":"closed","sticky":false,"template":"","format":"standard","meta":{"footnotes":""},"categories":[65],"tags":[10],"class_list":["post-114619","post","type-post","status-publish","format-standard","has-post-thumbnail","hentry","category-provincias","tag-santa-fe"],"_links":{"self":[{"href":"http:\/\/argentinamunicipal.com.ar\/argentina\/wp-json\/wp\/v2\/posts\/114619","targetHints":{"allow":["GET"]}}],"collection":[{"href":"http:\/\/argentinamunicipal.com.ar\/argentina\/wp-json\/wp\/v2\/posts"}],"about":[{"href":"http:\/\/argentinamunicipal.com.ar\/argentina\/wp-json\/wp\/v2\/types\/post"}],"author":[{"embeddable":true,"href":"http:\/\/argentinamunicipal.com.ar\/argentina\/wp-json\/wp\/v2\/users\/2"}],"replies":[{"embeddable":true,"href":"http:\/\/argentinamunicipal.com.ar\/argentina\/wp-json\/wp\/v2\/comments?post=114619"}],"version-history":[{"count":0,"href":"http:\/\/argentinamunicipal.com.ar\/argentina\/wp-json\/wp\/v2\/posts\/114619\/revisions"}],"wp:featuredmedia":[{"embeddable":true,"href":"http:\/\/argentinamunicipal.com.ar\/argentina\/wp-json\/wp\/v2\/media\/114620"}],"wp:attachment":[{"href":"http:\/\/argentinamunicipal.com.ar\/argentina\/wp-json\/wp\/v2\/media?parent=114619"}],"wp:term":[{"taxonomy":"category","embeddable":true,"href":"http:\/\/argentinamunicipal.com.ar\/argentina\/wp-json\/wp\/v2\/categories?post=114619"},{"taxonomy":"post_tag","embeddable":true,"href":"http:\/\/argentinamunicipal.com.ar\/argentina\/wp-json\/wp\/v2\/tags?post=114619"}],"curies":[{"name":"wp","href":"https:\/\/api.w.org\/{rel}","templated":true}]}}