{"id":114625,"date":"2021-05-19T04:49:47","date_gmt":"2021-05-19T07:49:47","guid":{"rendered":"http:\/\/argentinamunicipal.com.ar\/argentina\/?p=114625"},"modified":"2021-05-18T19:51:50","modified_gmt":"2021-05-18T22:51:50","slug":"desconectados-dos-de-cada-diez-ninos-de-barrios-populares-de-rosario-no-tienen-ningun-acceso-a-internet","status":"publish","type":"post","link":"http:\/\/argentinamunicipal.com.ar\/argentina\/desconectados-dos-de-cada-diez-ninos-de-barrios-populares-de-rosario-no-tienen-ningun-acceso-a-internet\/","title":{"rendered":"Desconectados: dos de cada diez ni\u00f1os de barrios populares de Rosario no tienen ning\u00fan acceso a internet"},"content":{"rendered":"<p>Un relevamiento realizado en Rosario muestran las consecuencias de la falta de conectividad en la escolaridad. Los puntos de wi-fi gratuitos ahondan la desigualdad<\/p>\n<p>En los barrios populares de la ciudad, algunos inmensos como Las Flores o Empalme, el 20 por ciento de los hogares no tienen ning\u00fan tipo de acceso a internet, ni siquiera a trav\u00e9s de los datos m\u00f3viles que un tel\u00e9fono celular. Esa exclusi\u00f3n es sobre la que advierte el resultado de un relevamiento realizado por organizaciones sociales, en el marco de un estudio nacional. El trabajo advierte sobre las consecuencias de esta falta de conectividad en la escolaridad de los ni\u00f1os y ni\u00f1as en tiempos de educaci\u00f3n a distancia. La red p\u00fablica de wifi no ayuda a superar esa inequidad.<br \/>\nUnas 900 familias rosarinas completaron las encuestas que realizaron en todo el pa\u00eds las organizaciones Barrios de Pie, el Movimiento Evita y la CCC, y que aporta informaci\u00f3n clave sobre la brecha digital existente en los grandes centro urbanos y sus efectos. La investigaci\u00f3n ilustra la realidad de todos los distritos menos del centro, que en general no tiene estas carencias. Se hizo especial hincapi\u00e9 en los barrios populares, como por ejemplo en el oeste el barrio Toba, V\u00eda Honda, en el sur barrio Las Flores, en el norte Nuevo Alberdi y Empalme Graneros.<br \/>\n\u201cSe trat\u00f3 de un trabajo de hormiga en el territorio\u201d, explic\u00f3 Nahuel P\u00e1ez, integrante de la Universidad Popular de Barrios de pie y coordinador del relevamiento en Santa Fe. Los resultados arrojados dan cuenta del impacto negativo en materia educativa por la falta de acceso a conectividad de ni\u00f1os, ni\u00f1as y adolescentes de barrios populares.<\/p>\n<p>Los resultados son preocupantes. \u201cPara empezar se les preguntaba a los adultos a cargo de menores si antes de la pandemia los chicos estudiaban m\u00e1s, igual o menos que en la actualidad y casi el 50 por ciento de los padres contest\u00f3 que sus chicos estudian mucho menos que en el contexto de la normalidad. El cierre de escuelas y el casi nulo acceso a la conectividad gener\u00f3 una menor capacidad de estudio en los chicos. Otro dato que arroj\u00f3 la encuesta es que el v\u00ednculo que se sostuvo con la escuela fue en el 80 por ciento de los casos a trav\u00e9s de WhatsApp. Chicos, chicas, padres y docentes estuvieron en contacto a trav\u00e9s de esta red\u201d, indic\u00f3.<\/p>\n<p>Sobre la disponibilidad de recursos, los resultados son igual de preocupantes. Cuando se preguntaba si ten\u00edan dispositivos tecnol\u00f3gicos en el hogar para que los chicos hagan la tarea, un 74 por ciento contest\u00f3 que ten\u00eda un dispositivo \u00fanico que se compart\u00eda entre todos los miembros de la familia. Sobre el tipo de conectividad o acceso a internet con la que cuenta el hogar, un 55 por ciento contest\u00f3 que solo accede a conectividad a trav\u00e9s de datos m\u00f3viles del dispositivo que todos comparten.<\/p>\n<p>Las consecuencias son f\u00e1ciles de entender. Cuando se terminan los datos m\u00f3viles del \u00fanico dispositivo con el que cuenta todo el grupo familiar, se termina la conexi\u00f3n de los ni\u00f1os y ni\u00f1as de esa familia con el sistema educativo formal. Hay situaciones m\u00e1s dif\u00edciles: un 20 por ciento de las familias dijo que sus hijos no ten\u00edan ning\u00fan tipo de acceso a internet.<\/p>\n<p>P\u00e1ez dijo que las conclusiones que arroja el relevamiento preocupan porque dejan a las claras cuanto ha bajado el nivel de escolaridad en los barrios populares. Una problem\u00e1tica que viene de arrastre y que la pandemia vino a agravar y a poner al desnudo. Porque en las condiciones actuales, quien no cuenta con acceso a internet queda afuera del sistema educativo.<\/p>\n<p>Por eso, los referentes de las organizaciones sociales creen que es urgente la implementaci\u00f3n de pol\u00edticas p\u00fablicas que reviertan esta situaci\u00f3n de deterioro educativo de la poblaci\u00f3n m\u00e1s castigada, y para ello reclaman una ley de emergencia en conectividad que incluya la distribuci\u00f3n de notebooks y la ampliaci\u00f3n de las redes p\u00fablicas de wifi.<\/p>\n<p><strong>Articular pol\u00edticas p\u00fablicas<\/strong><\/p>\n<p>Si de resolver el problema de conectividad de trata, la pandemia tambi\u00e9n vino a mostrar zonas grises y grandes signos de interrogaci\u00f3n sobre las competencias que deben asumir los distintos niveles del Estado, y de qu\u00e9 modo trabajar en la articulaci\u00f3n de pol\u00edticas p\u00fablicas. Si se trata del sostenimiento del sistema educativo y se pone el ojo en las instituciones escolares es claro que las competencias recaen sobre el gobierno provincial. Pero, \u00bfqu\u00e9 sucede con la poblaci\u00f3n de ni\u00f1os, ni\u00f1as y adolescentes que viven en los barrios populares de la ciudad?, \u00bfqu\u00e9 niveles del Estado deben intervenir para garantizar el derecho a la conectividad de esas familias? Tal vez sean todos los niveles. Si es as\u00ed, \u00bfen qu\u00e9 medida se produjo una articulaci\u00f3n de los distintos niveles de la gesti\u00f3n p\u00fablica para avanzar en tal sentido?<\/p>\n<p>El sitio web de la Municipalidad ofrece un mapa que visibiliza todos los puntos de la ciudad donde los rosarinos pueden beneficiarse de la red de conectividad urbana municipal en forma libre y gratuita. Existen puntos donde el servicio es brindado por la red Municipalidad y otros por el gobierno provincial. A simple vista, las grandes \u00e1reas corresponden al centro, parques, plazas y la explanada sobre el rio Paran\u00e1, que hacen la diferencia en comparaci\u00f3n con los territorios ubicados en la periferia donde los barrios m\u00e1s pobres a\u00fan contin\u00faan desconectados.<\/p>\n<p>Germ\u00e1n Gir\u00f3 es el secretario de Modernizaci\u00f3n y cercan\u00eda del municipio y explic\u00f3 las complejidades de expandir la red de infraestructura con la que hoy se cuenta. \u201cEn el marco de la pandemia la conectividad cobra cada vez m\u00e1s valor y se acerca a un servicio esencial. Ampliar la red requiere de proyectos de implementaci\u00f3n que en general son complejos desde el punto de vista t\u00e9cnico, son caros y requieren de la articulaci\u00f3n entre los distintos niveles del estado y entre empresas p\u00fablicas y privadas\u201d, dijo.<\/p>\n<p>El funcionario destac\u00f3 que \u201cla ciudad desde hace a\u00f1os tom\u00f3 la decisi\u00f3n estrat\u00e9gica de contar con una propia red de fibra \u00f3ptica montada sobre el territorio para que todos los efectores de la administraci\u00f3n y servicios p\u00fablicos funcionen. Hoy se cuenta con 180 km de fibra, y sobre ella se monta la conectividad de unos 60 edificios municipales entre ellos los centros de distrito, hospitales o centros de convivencia barriales. En este momento contamos con 45 puntos de wifi p\u00fablicos, de los cuales hay 10 en mantenimiento. Hoy estamos en un momento de fortalecer toda esa red de conectividad y de reparar lo que no funciona\u201d.<\/p>\n<p>Sin embargo, reconoci\u00f3, la iniciativa demanda una inversi\u00f3n importante. \u201cNosotros creemos que tenemos que administrar una red troncar y buscar articulaciones con privados para lograr puntos de expansi\u00f3n de la red. En este sentido, la postura del gobierno municipal es la b\u00fasqueda de las articulaciones de los distintos niveles del Estado y con empresas privadas. Desde el punto de vista educativo, el Ministerio de Educaci\u00f3n de la provincia tiene mucho para decir, hacer y buscar esas articulaciones. Desde el municipio compartimos la preocupaci\u00f3n y nos ponemos a disposici\u00f3n nuestra infraestructura para que eso suceda\u201d.<\/p>\n<p><strong>Una ley en espera<\/strong><\/p>\n<p>En octubre del a\u00f1o pasado, el gobernador Omar Perotti present\u00f3 el programa \u201cSanta Fe + conectada\u201d con el objetivo de ampliar la infraestructura del sistema de conectividad en todo el territorio provincial. El desaf\u00edo que planteaba ese programa en el momento de su presentaci\u00f3n era llegar a 365 municipios y comunas con una obra de 4 mil kil\u00f3metros de fibra \u00f3ptica que ser\u00eda financiada por el Banco de Desarrollo de Am\u00e9rica Latina (CAF).<\/p>\n<p>En esa oportunidad, el Ejecutivo provincial expres\u00f3 su preocupaci\u00f3n sobre el impacto negativo de la falta de conectividad en materia educativa. \u201cEl 72 por ciento de nuestras escuelas no tienen conectividad para fines pedag\u00f3gicos y tenemos 334 mil hogares sin conexi\u00f3n\u201d dijo el gobernador y agreg\u00f3 que solo el 18 por ciento de los hogares santafesinos cuentan con buena conectividad.<\/p>\n<p>El diagn\u00f3stico es claro, pero \u00bfcu\u00e1nto se ha avanzado en este sentido? \u201cSanta fe + conectada es un programa que tiene como fin llevar conectividad de banda ancha a las 365 localidades de la provincia. A 200 llegamos con fibra \u00f3ptica que son el 95 por ciento de la poblaci\u00f3n, y a las 165 restantes llegamos por radio l\u00e1ser de alta velocidad. Dentro de ese mismo programa se contempla adem\u00e1s, la construcci\u00f3n de wifi para 134 barrios populares de las ciudades de\u00a0Rosario\u00a0y Santa Fe, y la construcci\u00f3n de una serie de escuelas, jardines, primarias y secundarias\u201d, explic\u00f3 Sergio Bleynat, secretario de Tecnolog\u00eda para la gesti\u00f3n del gobierno provincial .<\/p>\n<p>\u00bfCu\u00e1l es el estado de situaci\u00f3n? Seg\u00fan indic\u00f3 el funcionario, \u201cel endeudamiento para llevar a cabo el programa Santa Fe + conectada fue aprobado por la C\u00e1mara de Senadores de la provincia, pero desde hace varios meses se encuentra en Diputados a la espera de su aprobaci\u00f3n\u00bb.<\/p>\n<p>Con respecto a la ciudad de Rosario, el secretario aport\u00f3 mas datos: \u201cEn el programa Santa Fe + conectada se contempla conectividad para 96 barrios populares de Rosario. Y actualmente el gobernador est\u00e1 haciendo un llamado a licitaci\u00f3n de 12 de esos 96 puntos, previas consultas administrativas a CAF que autoriz\u00f3 a realizar los desembolsos con fondos propios, que ser\u00e1n reintegrados a la provincia una vez que la legislatura apruebe el financiamiento\u201d.<\/p>\n<p>El funcionario destac\u00f3 que la decisi\u00f3n final est\u00e1 en Diputados. \u201cSomos respetuosos de los otros poderes del Estado, pero creemos que ac\u00e1 hay una responsabilidad hist\u00f3rica, ya llevamos mas de un a\u00f1o de pandemia y es un tema que no deber\u00edamos pasarlo por el tamiz de la pol\u00edtica al nivel de hacerle un escrutinio tan fino que deje a la mitad de los chicos de la provincia sin posibilidades de conexi\u00f3n cuando no se puede asistir a la escuela. Hay casos que merecen celeridad\u201d.<\/p>\n<h6>Fuente: La Capital<\/h6>\n","protected":false},"excerpt":{"rendered":"<p>Un relevamiento realizado en Rosario muestran las consecuencias de la falta de conectividad en la escolaridad. Los puntos de wi-fi gratuitos ahondan la desigualdad<\/p>\n","protected":false},"author":2,"featured_media":114626,"comment_status":"closed","ping_status":"closed","sticky":false,"template":"","format":"standard","meta":{"footnotes":""},"categories":[2],"tags":[10],"class_list":["post-114625","post","type-post","status-publish","format-standard","has-post-thumbnail","hentry","category-informe-municipal","tag-santa-fe"],"_links":{"self":[{"href":"http:\/\/argentinamunicipal.com.ar\/argentina\/wp-json\/wp\/v2\/posts\/114625","targetHints":{"allow":["GET"]}}],"collection":[{"href":"http:\/\/argentinamunicipal.com.ar\/argentina\/wp-json\/wp\/v2\/posts"}],"about":[{"href":"http:\/\/argentinamunicipal.com.ar\/argentina\/wp-json\/wp\/v2\/types\/post"}],"author":[{"embeddable":true,"href":"http:\/\/argentinamunicipal.com.ar\/argentina\/wp-json\/wp\/v2\/users\/2"}],"replies":[{"embeddable":true,"href":"http:\/\/argentinamunicipal.com.ar\/argentina\/wp-json\/wp\/v2\/comments?post=114625"}],"version-history":[{"count":0,"href":"http:\/\/argentinamunicipal.com.ar\/argentina\/wp-json\/wp\/v2\/posts\/114625\/revisions"}],"wp:featuredmedia":[{"embeddable":true,"href":"http:\/\/argentinamunicipal.com.ar\/argentina\/wp-json\/wp\/v2\/media\/114626"}],"wp:attachment":[{"href":"http:\/\/argentinamunicipal.com.ar\/argentina\/wp-json\/wp\/v2\/media?parent=114625"}],"wp:term":[{"taxonomy":"category","embeddable":true,"href":"http:\/\/argentinamunicipal.com.ar\/argentina\/wp-json\/wp\/v2\/categories?post=114625"},{"taxonomy":"post_tag","embeddable":true,"href":"http:\/\/argentinamunicipal.com.ar\/argentina\/wp-json\/wp\/v2\/tags?post=114625"}],"curies":[{"name":"wp","href":"https:\/\/api.w.org\/{rel}","templated":true}]}}