{"id":114677,"date":"2021-05-20T05:15:37","date_gmt":"2021-05-20T08:15:37","guid":{"rendered":"http:\/\/argentinamunicipal.com.ar\/argentina\/?p=114677"},"modified":"2021-05-19T19:43:21","modified_gmt":"2021-05-19T22:43:21","slug":"rosario-se-sumo-al-plan-federal-de-ferias-y-mercados","status":"publish","type":"post","link":"http:\/\/argentinamunicipal.com.ar\/argentina\/rosario-se-sumo-al-plan-federal-de-ferias-y-mercados\/","title":{"rendered":"Rosario se sum\u00f3 al Plan Federal de Ferias y Mercados"},"content":{"rendered":"<p>El acuerdo fortalecer\u00e1 a los mercados impulsados desde el municipio, donde cooperativas y emprendimientos locales y regionales ofrecen productos saludables, sustentables y a precio justo.<\/p>\n<p>Las ferias y mercados Arriba Rosario impulsados desde el municipio\u00a0se sumaron al Plan Federal de Ferias, a partir de un acuerdo con el Ministerio de Desarrollo Social de la Naci\u00f3n\u00a0con el prop\u00f3sito de promover las producciones locales y los mercados de cercan\u00eda que fortalezcan la econom\u00eda social y popular.<\/p>\n<p>Adem\u00e1s, dicho convenio permite acceder a la Canasta Ahorro, compuesta por 28 productos de la ciudad y la regi\u00f3n para favorecer el consumo popular.<\/p>\n<p>En el marco de esta iniciativa conjunta se desarroll\u00f3 un encuentro entre referentes del municipio y representantes nacionales en la feria de plaza L\u00f3pez ubicada en Av. Pellegrini 751, para formalizar los v\u00ednculos entre el Plan Federal y la red local de ferias y mercados \u00abArriba Rosario\u00bb. Adem\u00e1s, acordaron el aporte de insumos y materiales para infraestructura en cuanto a las acciones para fortalecer las ferias y mercados (estructuras, gazebos, mesas, freezers, entre otros insumos).<\/p>\n<p>Leer tambi\u00e9n:\u00a0Huevos de pascua y roscas a precios accesibles en las ferias sociales de Rosario<br \/>\nEl secretario de Desarrollo Humano y H\u00e1bitat de la Municipalidad de Rosario, Nicol\u00e1s Gianelloni, se\u00f1al\u00f3 durante la jornada: \u00abEs muy importante que Rosario sea parte de un Plan Federal y que lleguen recursos para fortalecer las ferias y a las y los emprendedores. En este momento econ\u00f3mico por el que estamos atravesando, la posibilidad de encontrar espacios de comercializaci\u00f3n es central para la continuidad del circuito econ\u00f3mico\u00bb.<\/p>\n<p>Por su parte, el director de Pol\u00edticas Integradoras del Ministerio de Desarrollo Social de la Naci\u00f3n, Rafael Klejzer, explic\u00f3: \u00abEl Plan Federal de Ferias lo que hace es fortalecer las pol\u00edticas municipales de las ferias, es decir fortalecemos lo pre-establecido, y para eso hemos construido algunas herramientas de consenso y propiciamos que se encuentren en un mismo sitio productores y consumidores. Creemos que hay que volver a estos sistemas alternativos de comercializaci\u00f3n por fuera del supermercadismo\u00bb.<\/p>\n<p>El subsecretario de Econom\u00eda Social municipal, Pablo Nasi Mur\u00faa, aport\u00f3: \u00abLos mercados Arriba Rosario nos han dado la posibilidad de llegar a mucha gente con un precio diferencial y con alimentos de buena calidad, como son las verduras libres de agroqu\u00edmicos, con lo cual es sumamente importante en cuanto a los valores nutricionales de la alimentaci\u00f3n y a un precio que es el mismo que vamos a encontrar en una verduler\u00eda, o menor. Tambi\u00e9n hemos agregado, l\u00e1cteos, especialmente quesos, chacinados y recientemente carne. Este convenio va a mejorar el ingreso de productores y productoras al proceso comercial. Todos los meses tenemos un productor nuevo que se va incorporando, es un trabajo en constante crecimiento\u00bb.<\/p>\n<p>\u00abAdem\u00e1s, este convenio permite acceder a la Canasta Ahorro, con 28 productos de cercan\u00eda, de la ciudad y la regi\u00f3n que se podr\u00e1n sumar para fortalecer el consumo popular\u00bb, complet\u00f3 Nasi Mur\u00faa.<\/p>\n<p>Cronograma de mercados Arriba Rosario<br \/>\n\u2013Lunes: de 10 a 14 en plaza San Mart\u00edn, C\u00f3rdoba 1900; y de 15 a 19, en plaza Alberdi, Bv. Rondeau 1949.<\/p>\n<p>\u2013Martes: de 10 a 14 en plaza L\u00f3pez, Av. Pellegrini 751. De 9:30 a 13:30 se suma la Feria Sur, Av. San Mart\u00edn y Ayolas.<\/p>\n<p>\u2013Mi\u00e9rcoles: de 10 a 14 en Av. Francia y Santa Fe; y de 15 a 19 en plaza Libertad, Mitre y Pasco.<\/p>\n<p>\u2013Jueves: de 10 a 14 en plaza Alicia Moreau, Moreno y Rioja.<\/p>\n<p>\u2013Viernes: de 10 a 14 en plaza L\u00f3pez, Av. Pellegrini 751. Y de 15 a 19 en plaza B\u00e9lgica, Col\u00f3n y Zeballos.<\/p>\n<h6>Fuente: Sin Mordaza<\/h6>\n","protected":false},"excerpt":{"rendered":"<p>El acuerdo fortalecer\u00e1 a los mercados impulsados desde el municipio, donde cooperativas y emprendimientos locales y regionales ofrecen productos saludables, sustentables y a precio justo.<\/p>\n","protected":false},"author":2,"featured_media":114678,"comment_status":"closed","ping_status":"closed","sticky":false,"template":"","format":"standard","meta":{"footnotes":""},"categories":[2],"tags":[10],"class_list":["post-114677","post","type-post","status-publish","format-standard","has-post-thumbnail","hentry","category-informe-municipal","tag-santa-fe"],"_links":{"self":[{"href":"http:\/\/argentinamunicipal.com.ar\/argentina\/wp-json\/wp\/v2\/posts\/114677","targetHints":{"allow":["GET"]}}],"collection":[{"href":"http:\/\/argentinamunicipal.com.ar\/argentina\/wp-json\/wp\/v2\/posts"}],"about":[{"href":"http:\/\/argentinamunicipal.com.ar\/argentina\/wp-json\/wp\/v2\/types\/post"}],"author":[{"embeddable":true,"href":"http:\/\/argentinamunicipal.com.ar\/argentina\/wp-json\/wp\/v2\/users\/2"}],"replies":[{"embeddable":true,"href":"http:\/\/argentinamunicipal.com.ar\/argentina\/wp-json\/wp\/v2\/comments?post=114677"}],"version-history":[{"count":0,"href":"http:\/\/argentinamunicipal.com.ar\/argentina\/wp-json\/wp\/v2\/posts\/114677\/revisions"}],"wp:featuredmedia":[{"embeddable":true,"href":"http:\/\/argentinamunicipal.com.ar\/argentina\/wp-json\/wp\/v2\/media\/114678"}],"wp:attachment":[{"href":"http:\/\/argentinamunicipal.com.ar\/argentina\/wp-json\/wp\/v2\/media?parent=114677"}],"wp:term":[{"taxonomy":"category","embeddable":true,"href":"http:\/\/argentinamunicipal.com.ar\/argentina\/wp-json\/wp\/v2\/categories?post=114677"},{"taxonomy":"post_tag","embeddable":true,"href":"http:\/\/argentinamunicipal.com.ar\/argentina\/wp-json\/wp\/v2\/tags?post=114677"}],"curies":[{"name":"wp","href":"https:\/\/api.w.org\/{rel}","templated":true}]}}