{"id":114867,"date":"2021-05-28T05:35:34","date_gmt":"2021-05-28T08:35:34","guid":{"rendered":"http:\/\/argentinamunicipal.com.ar\/argentina\/?p=114867"},"modified":"2021-05-27T19:41:27","modified_gmt":"2021-05-27T22:41:27","slug":"paro-municipal-por-varios-dias-en-reconquista","status":"publish","type":"post","link":"http:\/\/argentinamunicipal.com.ar\/argentina\/paro-municipal-por-varios-dias-en-reconquista\/","title":{"rendered":"Paro municipal por varios d\u00edas en Reconquista"},"content":{"rendered":"<p>El Sindicato de Trabajadores Municipales de Reconquista (Sitram) confirm\u00f3 una nueva medida de fuerza.<\/p>\n<p>En este caso la medida regir\u00e1 desde el viernes 28 a las 00:00 horas hasta el lunes 31 de mayo inclusive.<\/p>\n<p>Piden al Ejecutivo Municipal que se avance en la soluci\u00f3n de situaciones surgidas en el marco de la pandemia de covid-19, como tambi\u00e9n a reclamos que llevan tiempo sin soluci\u00f3n en la agenda de los trabajadores y el municipio.<\/p>\n<p>Los reclamos m\u00e1s sentidos por los compa\u00f1eros se resumen en una lista que incluye:<\/p>\n<p>Medidas contra el covid-19<br \/>\nPago de horas extras covid-19 (4 meses).<br \/>\nRopa de trabajo y calzado.<br \/>\nSanitarios<br \/>\nVacunaci\u00f3n para todos.<br \/>\nComit\u00e9 Mixto.<br \/>\nAnticipo de aumento salarial.<\/p>\n<p>\u00abLa pandemia ya produjo la muerte de tres compa\u00f1eros municipales, no queremos perder a ninguno m\u00e1s. La vida es una sola\u00bb, indicaron.<\/p>\n<h6>Fuente: radioamanecer.com.ar<\/h6>\n","protected":false},"excerpt":{"rendered":"<p>El Sindicato de Trabajadores Municipales de Reconquista (Sitram) confirm\u00f3 una nueva medida de fuerza.<\/p>\n","protected":false},"author":2,"featured_media":114868,"comment_status":"closed","ping_status":"closed","sticky":false,"template":"","format":"standard","meta":{"footnotes":""},"categories":[7],"tags":[10],"class_list":["post-114867","post","type-post","status-publish","format-standard","has-post-thumbnail","hentry","category-informe-sindical","tag-santa-fe"],"_links":{"self":[{"href":"http:\/\/argentinamunicipal.com.ar\/argentina\/wp-json\/wp\/v2\/posts\/114867","targetHints":{"allow":["GET"]}}],"collection":[{"href":"http:\/\/argentinamunicipal.com.ar\/argentina\/wp-json\/wp\/v2\/posts"}],"about":[{"href":"http:\/\/argentinamunicipal.com.ar\/argentina\/wp-json\/wp\/v2\/types\/post"}],"author":[{"embeddable":true,"href":"http:\/\/argentinamunicipal.com.ar\/argentina\/wp-json\/wp\/v2\/users\/2"}],"replies":[{"embeddable":true,"href":"http:\/\/argentinamunicipal.com.ar\/argentina\/wp-json\/wp\/v2\/comments?post=114867"}],"version-history":[{"count":0,"href":"http:\/\/argentinamunicipal.com.ar\/argentina\/wp-json\/wp\/v2\/posts\/114867\/revisions"}],"wp:featuredmedia":[{"embeddable":true,"href":"http:\/\/argentinamunicipal.com.ar\/argentina\/wp-json\/wp\/v2\/media\/114868"}],"wp:attachment":[{"href":"http:\/\/argentinamunicipal.com.ar\/argentina\/wp-json\/wp\/v2\/media?parent=114867"}],"wp:term":[{"taxonomy":"category","embeddable":true,"href":"http:\/\/argentinamunicipal.com.ar\/argentina\/wp-json\/wp\/v2\/categories?post=114867"},{"taxonomy":"post_tag","embeddable":true,"href":"http:\/\/argentinamunicipal.com.ar\/argentina\/wp-json\/wp\/v2\/tags?post=114867"}],"curies":[{"name":"wp","href":"https:\/\/api.w.org\/{rel}","templated":true}]}}