{"id":114895,"date":"2021-05-28T06:21:58","date_gmt":"2021-05-28T09:21:58","guid":{"rendered":"http:\/\/argentinamunicipal.com.ar\/argentina\/?p=114895"},"modified":"2021-05-28T06:40:18","modified_gmt":"2021-05-28T09:40:18","slug":"114895-2","status":"publish","type":"post","link":"http:\/\/argentinamunicipal.com.ar\/argentina\/114895-2\/","title":{"rendered":"Restricciones y paro de colectivos: combo para el escaso movimiento en el microcentro de Rosario"},"content":{"rendered":"<p>Escaso movimiento en el centro de Rosario se observ\u00f3 este jueves por la ma\u00f1ana. Las restricciones dictadas por el gobierno nacional sumadas al paro de colectivos hicieron de este jueves uno muy calmo.<\/p>\n<p>El centro de Rosario se mostr\u00f3 con muy buena poca actividad en la ma\u00f1ana de jueves. Se pudieron observar algunos pocos negocios trabajando con clientes dentro del local, otros, la mayor\u00eda atendiendo desde la puerta, y un tercer grupo, cerrados. Entre estos \u00faltimos, algunos con el cartel de alquiler o de venta. El paro de colectivo de la jornada conspir\u00f3 contra los grandes desplazamientos desde los barrios hacia el \u00e1rea central. No se lleg\u00f3 a la actividad nula, pero fue muy escasa.<\/p>\n<p>En el microcentro, en la esquina emblem\u00e1tica de Sarmiento y peatonal C\u00f3rdoba, la tienda Falabella, que pronto cerrar\u00e1 sus puertas de manera definitiva, opt\u00f3 por el cierre completo en estos d\u00edas de grandes restricciones. Este jueves no se observaron las colas para entrar a ver los productos en liquidaci\u00f3n que s\u00ed se pudieron ver d\u00edas atr\u00e1s.<\/p>\n<p>En la misma cuadra de C\u00f3rdoba entre Sarmiento y Mitre, un local de venta de ropa atendi\u00f3 desde la puerta. No fue posible probarse ropa, s\u00f3lo observarla y llevarla, si se quer\u00eda. En locales de venta de electrodom\u00e9sticos en la peatonal entre Mitre y Entre R\u00edos, no hab\u00eda venta directa. S\u00f3lo se pod\u00edan retirar compras ya efectuadas.<\/p>\n<p>Se vio muy poco movimiento en las calles con pocos autos. De todas maneras, esa escasa cantidad de gente en la calle dif\u00edcilmente ayude a los comercios que decidieron abrir.<\/p>\n<p>Un kiosco de Sarmiento entre Rioja y San Luis tampoco vende mucho. \u201cHoy (jueves) estuvo un poco m\u00e1s movido que ayer (mi\u00e9rcoles). Ayer no hubo nadie\u201d, coment\u00f3 Santino, que atiende el local, a El Litoral. Este negocio funciona de 10 a 17 exclusivamente.<\/p>\n<p>Muchos bares c\u00e9ntricos, la mayor\u00eda, opt\u00f3 por el env\u00edo y por la modalidad para llevar. De esta manera, pueden llegar a servir algunos pocos caf\u00e9s. La cafeter\u00eda de la cadena estadounidense de Oro\u00f1o y C\u00f3rdoba opt\u00f3 por esa opci\u00f3n y algunos pedidos se enviaron a trav\u00e9s de las aplicaciones que hacen env\u00edos a domicilio. Este tipo de empresas trabajan mucho por estos meses debido a las restricciones.<\/p>\n<p>La calle San Luis, otra arteria con gran cantidad de negocios en la zona central, tampoco se vio con movimiento. Algunos locales optaron por el modo para llevar que \u00faltimamente se denomina \u201ctake away\u201d. En tanto, en la zona del Paseo del Siglo, por calle C\u00f3rdoba, el mismo panorama. Algunos negocios cerrados, otros abiertos y otros con atenci\u00f3n desde la puerta.<\/p>\n<h6>Fuente: El Litoral<\/h6>\n","protected":false},"excerpt":{"rendered":"<p>Escaso movimiento en el centro de Rosario se observ\u00f3 este jueves por la ma\u00f1ana. Las restricciones dictadas por el gobierno nacional sumadas al paro de colectivos hicieron de este jueves uno muy calmo.<\/p>\n","protected":false},"author":2,"featured_media":114896,"comment_status":"closed","ping_status":"closed","sticky":false,"template":"","format":"standard","meta":{"footnotes":""},"categories":[5],"tags":[10],"class_list":["post-114895","post","type-post","status-publish","format-standard","has-post-thumbnail","hentry","category-informe-economico","tag-santa-fe"],"_links":{"self":[{"href":"http:\/\/argentinamunicipal.com.ar\/argentina\/wp-json\/wp\/v2\/posts\/114895","targetHints":{"allow":["GET"]}}],"collection":[{"href":"http:\/\/argentinamunicipal.com.ar\/argentina\/wp-json\/wp\/v2\/posts"}],"about":[{"href":"http:\/\/argentinamunicipal.com.ar\/argentina\/wp-json\/wp\/v2\/types\/post"}],"author":[{"embeddable":true,"href":"http:\/\/argentinamunicipal.com.ar\/argentina\/wp-json\/wp\/v2\/users\/2"}],"replies":[{"embeddable":true,"href":"http:\/\/argentinamunicipal.com.ar\/argentina\/wp-json\/wp\/v2\/comments?post=114895"}],"version-history":[{"count":0,"href":"http:\/\/argentinamunicipal.com.ar\/argentina\/wp-json\/wp\/v2\/posts\/114895\/revisions"}],"wp:featuredmedia":[{"embeddable":true,"href":"http:\/\/argentinamunicipal.com.ar\/argentina\/wp-json\/wp\/v2\/media\/114896"}],"wp:attachment":[{"href":"http:\/\/argentinamunicipal.com.ar\/argentina\/wp-json\/wp\/v2\/media?parent=114895"}],"wp:term":[{"taxonomy":"category","embeddable":true,"href":"http:\/\/argentinamunicipal.com.ar\/argentina\/wp-json\/wp\/v2\/categories?post=114895"},{"taxonomy":"post_tag","embeddable":true,"href":"http:\/\/argentinamunicipal.com.ar\/argentina\/wp-json\/wp\/v2\/tags?post=114895"}],"curies":[{"name":"wp","href":"https:\/\/api.w.org\/{rel}","templated":true}]}}