{"id":114910,"date":"2021-05-28T06:35:33","date_gmt":"2021-05-28T09:35:33","guid":{"rendered":"http:\/\/argentinamunicipal.com.ar\/argentina\/?p=114910"},"modified":"2021-05-28T06:35:33","modified_gmt":"2021-05-28T09:35:33","slug":"santa-fe-la-casa-gris-y-los-bloques-peronistas-del-senado-y-diputados-delinean-una-estrategia-legislativa-comun","status":"publish","type":"post","link":"http:\/\/argentinamunicipal.com.ar\/argentina\/santa-fe-la-casa-gris-y-los-bloques-peronistas-del-senado-y-diputados-delinean-una-estrategia-legislativa-comun\/","title":{"rendered":"Santa Fe: La Casa Gris y los bloques peronistas del Senado y Diputados delinean una estrategia legislativa com\u00fan"},"content":{"rendered":"<p>Funcionarios provinciales se reunieron con integrantes de las bancadas. \u00abPol\u00edticamente es una muy buena se\u00f1al\u00bb, coinciden<\/p>\n<p>Tras el giro que marc\u00f3 el discurso del gobernador Omar Perotti del 1 de mayo, y m\u00e1s de un a\u00f1o y medio de tensiones y acusaciones cruzadas, la Casa Gris y los distintos bloques peronistas en la Legislatura profundizan el acercamiento y buscan aceitar la estrategia para avanzar con proyectos que le interesan tanto al Poder Ejecutivo como a los senadores y a los diputados.<br \/>\nEn este sentido, ayer concurrieron al\u00a0Senado\u00a0el ministro de Gobierno, Roberto Sukerman; el secretario del \u00e1rea, Oscar Urruty, y el secretario de Justicia, Gabriel Somaglia, para presentar a los legisladores tres proyectos relacionados con el Poder Judicial: el C\u00f3digo Procesal Civil y Comercial, el nuevo mapa judicial y la reforma al r\u00e9gimen inscriptorio de Personas Jur\u00eddicas Privadas.<br \/>\nPero m\u00e1s all\u00e1 de las iniciativas legislativas, se trat\u00f3 de un hecho pol\u00edtico relevante:\u00a0estuvieron presentes en el recinto no s\u00f3lo los jefes de los bloques alineados con Perotti, el senador Alcides Calvo y el diputado Leandro Busatto, sino tambi\u00e9n Armando Traferri, el presidente de la bancada en la C\u00e1mara alta con la que el rafaelino mantuvo una relaci\u00f3n tirante\u00a0incluso desde antes de sentarse en el sill\u00f3n de Estanislao L\u00f3pez. El resto de los miembros de las bancadas particip\u00f3 de la reuni\u00f3n de forma remota.<\/p>\n<p>\u00abFue muy positiva, esto se inscribe en el planteo que ha hecho el gobernador de retomar el di\u00e1logo con la Legislatura en general y los bloques del oficialismo en particular\u00bb, dijo Urruty a La Capital.<\/p>\n<p>El funcionario asegur\u00f3 que a partir de ahora buscar\u00e1n mejorar el ida y vuelta entre el gobierno y los bloques: \u00abDonde haya iniciativas del Ejecutivo, buscaremos conversarlas previamente para ajustar los t\u00e9rminos en los que se puede dar el debate en la Legislatura; a la inversa, conversar los planteos de los legisladores, para ver su viabilidad\u00bb, explic\u00f3.<\/p>\n<p>\u201cPol\u00edticamente es una muy buena se\u00f1al\u00bb.\u00a0consider\u00f3 Busatto. Y a\u00f1adi\u00f3: \u00abQue el peronismo en su diversidad legislativa tenga una agenda com\u00fan, que en definitiva sea la agenda del gobierno, es muy positivo.\u00a0Lo que ven\u00edamos reclamando, que es ser parte en definir una estrategia para sacar leyes interesantes y ser parte, se puso en marcha\u201d.<\/p>\n<p>Traferri coincide. \u201cFue una reuni\u00f3n muy positiva\u201d, evalu\u00f3 el representante del departamento San Lorenzo. Y agreg\u00f3: \u201cEste es el mecanismo que tenemos que utilizar para lograr los objetivos que tenga el Ejecutivo y el Legislativo, la clave est\u00e1 en el di\u00e1logo\u201d.<\/p>\n<p>Expectativas<br \/>\nSi algo escase\u00f3 en los 17 meses desde el regreso del peronismo al poder fueron instancias como la de ayer. Desde la votaci\u00f3n del presupuesto 2020 antes del traspaso de mando \u2014un gesto que Perotti interpret\u00f3 como un condicionamiento, tanto del bloque de Traferri como del Frente Progresista\u2014 hasta la causa por juego clandestino, que deriv\u00f3 en la ruptura del bloque de 12 en el Senado, las diferencias se ahondaron y las confianzas se rompieron.<\/p>\n<p>Antes y despu\u00e9s, las leyes \u201canti Sain\u201d, los retoques al presupuesto 2021 y a la ley tributaria tambi\u00e9n generaron chispazos entre el Poder Ejecutivo y la C\u00e1mara alta.<\/p>\n<p>Sin embargo,\u00a0el mensaje conciliador de Perotti ante la Asamblea Legislativa en el inicio de sesiones ordinarias marc\u00f3 un cambio de rumbo. Consciente de que el choque con la Legislatura llevaba a un callej\u00f3n sin salida, el propio gobernador y sus principales espadas pol\u00edticas abrieron un canal de di\u00e1logo tanto con Traferri como con el FPCyS, el espacio mayoritario en Diputados.<\/p>\n<p>\u00bfSe abre un nuevo ciclo en la relaci\u00f3n entre poderes?<\/p>\n<p>\u00abEsa es la idea, avanzar e ir reconstruyendo la relaci\u00f3n a partir de la pr\u00e1ctica, en los hechos\u00bb, expres\u00f3 Urruty.<\/p>\n<p>Traferri tambi\u00e9n cree que s\u00ed. \u201cMi sensaci\u00f3n es que iniciamos una nueva etapa, donde el di\u00e1logo y el intercambio permanente van a ser el eje del trabajo\u201d, indic\u00f3.<\/p>\n<p>Busatto se mostr\u00f3 m\u00e1s cauto. \u201cLas etapas se van dando por cumplidas cuando las cosas funcionan;\u00a0hay expectativas, pero hay que ver si se materializan en gestos concretos\u201d, afirm\u00f3. Y remarc\u00f3: \u201cNo hay un peronismo legislativo y uno ejecutivo, hay un gobierno peronista. Si le va bien al gobierno nos va bien a todos\u201d.<\/p>\n<p>Por su lado, el diputado justicialista tambi\u00e9n se refiri\u00f3 al\u00a0proyecto de conectividad, una iniciativa que volvi\u00f3 al debate p\u00fablico despu\u00e9s de la suspensi\u00f3n de las clases presenciales, pero que est\u00e1 frenado en Diputados. \u201cHace seis meses que sali\u00f3 del Senado,\u00a0m\u00e1s all\u00e1 de la maniobra del Frente Progresista la demora tiene que ver con que nos falt\u00f3 contundencia y un dise\u00f1o de la estrategia m\u00e1s aceitado\u201d, reconoci\u00f3.<\/p>\n<h6>Fuente: La Capital<\/h6>\n","protected":false},"excerpt":{"rendered":"<p>Funcionarios provinciales se reunieron con integrantes de las bancadas. \u00abPol\u00edticamente es una muy buena se\u00f1al\u00bb, coinciden<\/p>\n","protected":false},"author":2,"featured_media":114911,"comment_status":"closed","ping_status":"closed","sticky":false,"template":"","format":"standard","meta":{"footnotes":""},"categories":[4],"tags":[10],"class_list":["post-114910","post","type-post","status-publish","format-standard","has-post-thumbnail","hentry","category-informe-politico","tag-santa-fe"],"_links":{"self":[{"href":"http:\/\/argentinamunicipal.com.ar\/argentina\/wp-json\/wp\/v2\/posts\/114910","targetHints":{"allow":["GET"]}}],"collection":[{"href":"http:\/\/argentinamunicipal.com.ar\/argentina\/wp-json\/wp\/v2\/posts"}],"about":[{"href":"http:\/\/argentinamunicipal.com.ar\/argentina\/wp-json\/wp\/v2\/types\/post"}],"author":[{"embeddable":true,"href":"http:\/\/argentinamunicipal.com.ar\/argentina\/wp-json\/wp\/v2\/users\/2"}],"replies":[{"embeddable":true,"href":"http:\/\/argentinamunicipal.com.ar\/argentina\/wp-json\/wp\/v2\/comments?post=114910"}],"version-history":[{"count":0,"href":"http:\/\/argentinamunicipal.com.ar\/argentina\/wp-json\/wp\/v2\/posts\/114910\/revisions"}],"wp:featuredmedia":[{"embeddable":true,"href":"http:\/\/argentinamunicipal.com.ar\/argentina\/wp-json\/wp\/v2\/media\/114911"}],"wp:attachment":[{"href":"http:\/\/argentinamunicipal.com.ar\/argentina\/wp-json\/wp\/v2\/media?parent=114910"}],"wp:term":[{"taxonomy":"category","embeddable":true,"href":"http:\/\/argentinamunicipal.com.ar\/argentina\/wp-json\/wp\/v2\/categories?post=114910"},{"taxonomy":"post_tag","embeddable":true,"href":"http:\/\/argentinamunicipal.com.ar\/argentina\/wp-json\/wp\/v2\/tags?post=114910"}],"curies":[{"name":"wp","href":"https:\/\/api.w.org\/{rel}","templated":true}]}}