{"id":114913,"date":"2021-05-28T06:38:59","date_gmt":"2021-05-28T09:38:59","guid":{"rendered":"http:\/\/argentinamunicipal.com.ar\/argentina\/?p=114913"},"modified":"2021-05-28T06:38:59","modified_gmt":"2021-05-28T09:38:59","slug":"la-nacion-transferira-6-700-millones-para-financiar-el-deficit-de-la-caja-de-jubilaciones-de-santa-fe","status":"publish","type":"post","link":"http:\/\/argentinamunicipal.com.ar\/argentina\/la-nacion-transferira-6-700-millones-para-financiar-el-deficit-de-la-caja-de-jubilaciones-de-santa-fe\/","title":{"rendered":"La Naci\u00f3n transferir\u00e1 $ 6.700 millones para financiar el d\u00e9ficit de la Caja de Jubilaciones de Santa Fe"},"content":{"rendered":"<p>El gobernador Perotti firm\u00f3 un acuerdo con la titular de la Ans\u00e9s, Fernanda Raverta. Se cancelar\u00e1 en siete cuotas<\/p>\n<p>El gobernador Omar Perotti y la directora ejecutiva de la Administraci\u00f3n Nacional de Seguridad Social (Ans\u00e9s), Fernanda Raverta, firmaron ayer jueves un convenio que establece el financiamiento del d\u00e9ficit del sistema previsional de la provincia correspondiente a al ejercicio 2019, por un monto de $ 11.396.488.165.<br \/>\nEl gobierno ya percibi\u00f3 $ 4.642.482.569 como anticipo de este compromiso. A partir de la r\u00fabrica, el organismo nacional se comprometi\u00f3 a transferir el saldo de $ 6.754.005.596, en siete cuotas mensuales.<br \/>\nEl gobernador remarc\u00f3 la importancia del convenio para\u00a0Santa Fe\u00a0y destac\u00f3 \u201cla predisposici\u00f3n y todo lo hecho a trav\u00e9s de Ans\u00e9s en la provincia durante todo este tiempo y todas las herramientas que se han podido trabajar, agilizar y poner a disposici\u00f3n de cientos de santafesinos y santafesinas en plena pandemia\u201d.<\/p>\n<p>En referencia al acuerdo firmado, Perotti reconoci\u00f3 el trabajo conjunto de los equipos t\u00e9cnicos de Naci\u00f3n y provincia. \u201cEse trabajo nos va permitiendo limpiar cosas sobre las que no tendr\u00edamos que volver a hablar el a\u00f1o siguiente, tenerlas claras, saber cu\u00e1les son los casos de estudio, analizarlos juntos y ya dejarlos totalmente separados\u201d.<\/p>\n<p>\u201cFundamentalmente sirve para consolidar la relaci\u00f3n y la confianza en la documentaci\u00f3n que tiene cada uno, que env\u00eda cada uno, en las bases de datos y puesta en com\u00fan. All\u00ed tenemos el mayor agradecimiento de haber podido coordinar el trabajo de esta manera\u201d, destac\u00f3.<\/p>\n<p>Raverta resalt\u00f3 el trabajo conjunto, que permiti\u00f3 \u201cconstruir una inteligencia com\u00fan para poder llegar a este d\u00eda y a este n\u00famero\u201d.<\/p>\n<p>\u201cSabemos del enorme esfuerzo que est\u00e1 haciendo el gobierno provincial y el gobierno nacional de estar a la altura de este tiempo hist\u00f3rico, del tiempo de la pandemia, no solo en cuestiones que hacen a la vida econ\u00f3mica de las familias que viven en la provincia, sino tambi\u00e9n lo que tiene que ver con el enorme esfuerzo en materia de cuidado de la salud\u201d, destac\u00f3 la funcionaria nacional.<\/p>\n<p>Finalmente, el ministro del Interior de la Naci\u00f3n, Eduardo de Pedro, sintetiz\u00f3: \u201cCuando estuvimos en Santa Fe, hace m\u00e1s de un mes, junto con el presidente Alberto Fern\u00e1ndez, firmamos unos cu\u00e1ntos proyectos que hacen al plan estrat\u00e9gico del gobernador. Y desde el gobierno nacional estamos comprometidos con el desarrollo de la provincia, con su perfil productivo. Estamos comprometidos en hacer las obras que hacen falta para que Santa Fe pueda tener una red de puertos, pueda tener conectividad. Trabajamos en un plan de desarrollo para potenciar la matriz productiva de la provincia\u201d.<\/p>\n<p>Para determinar el monto a financiar, se llev\u00f3 adelante un proceso de intercambio y validaci\u00f3n de informaci\u00f3n entre la Caja de Jubilaciones y Pensiones de la provincia y la Administraci\u00f3n Nacional de Seguridad Social (Ans\u00e9s), resultando para el ejercicio 2019 una suma de $ 11.396.488.165,92.<\/p>\n<p>El convenio se desarrolla en el marco de lo dispuesto por la ley 27.260 y normas reglamentarias que rigen el financiamiento por parte del organismo nacional a las cajas provinciales no transferidas a la Naci\u00f3n. Asimismo, el Poder Ejecutivo remitir\u00e1 el acuerdo a consideraci\u00f3n de la Legislatura provincial para su ratificaci\u00f3n legislativa.<\/p>\n<h6>Fuente: La Capital<\/h6>\n","protected":false},"excerpt":{"rendered":"<p>El gobernador Perotti firm\u00f3 un acuerdo con la titular de la Ans\u00e9s, Fernanda Raverta. Se cancelar\u00e1 en siete cuotas<\/p>\n","protected":false},"author":2,"featured_media":114914,"comment_status":"closed","ping_status":"closed","sticky":false,"template":"","format":"standard","meta":{"footnotes":""},"categories":[65],"tags":[10],"class_list":["post-114913","post","type-post","status-publish","format-standard","has-post-thumbnail","hentry","category-provincias","tag-santa-fe"],"_links":{"self":[{"href":"http:\/\/argentinamunicipal.com.ar\/argentina\/wp-json\/wp\/v2\/posts\/114913","targetHints":{"allow":["GET"]}}],"collection":[{"href":"http:\/\/argentinamunicipal.com.ar\/argentina\/wp-json\/wp\/v2\/posts"}],"about":[{"href":"http:\/\/argentinamunicipal.com.ar\/argentina\/wp-json\/wp\/v2\/types\/post"}],"author":[{"embeddable":true,"href":"http:\/\/argentinamunicipal.com.ar\/argentina\/wp-json\/wp\/v2\/users\/2"}],"replies":[{"embeddable":true,"href":"http:\/\/argentinamunicipal.com.ar\/argentina\/wp-json\/wp\/v2\/comments?post=114913"}],"version-history":[{"count":0,"href":"http:\/\/argentinamunicipal.com.ar\/argentina\/wp-json\/wp\/v2\/posts\/114913\/revisions"}],"wp:featuredmedia":[{"embeddable":true,"href":"http:\/\/argentinamunicipal.com.ar\/argentina\/wp-json\/wp\/v2\/media\/114914"}],"wp:attachment":[{"href":"http:\/\/argentinamunicipal.com.ar\/argentina\/wp-json\/wp\/v2\/media?parent=114913"}],"wp:term":[{"taxonomy":"category","embeddable":true,"href":"http:\/\/argentinamunicipal.com.ar\/argentina\/wp-json\/wp\/v2\/categories?post=114913"},{"taxonomy":"post_tag","embeddable":true,"href":"http:\/\/argentinamunicipal.com.ar\/argentina\/wp-json\/wp\/v2\/tags?post=114913"}],"curies":[{"name":"wp","href":"https:\/\/api.w.org\/{rel}","templated":true}]}}