{"id":114936,"date":"2021-05-31T05:47:51","date_gmt":"2021-05-31T08:47:51","guid":{"rendered":"http:\/\/argentinamunicipal.com.ar\/argentina\/?p=114936"},"modified":"2021-05-30T11:49:53","modified_gmt":"2021-05-30T14:49:53","slug":"bachelet-reclamo-una-investigacion-independiente-sobre-los-muertos-registrados-en-cali","status":"publish","type":"post","link":"http:\/\/argentinamunicipal.com.ar\/argentina\/bachelet-reclamo-una-investigacion-independiente-sobre-los-muertos-registrados-en-cali\/","title":{"rendered":"Bachelet reclam\u00f3 una investigaci\u00f3n independiente sobre los muertos registrados en Cali"},"content":{"rendered":"<p>La ciudad colombiana, con unos 2,2 millones de habitantes, es epicentro de violentas protestas y bloqueos de v\u00edas que tienen al pa\u00eds en crisis desde hace m\u00e1s de un mes.<\/p>\n<p>La Alta Comisionada de la ONU para los Derechos Humanos, Michelle Bachelet, expres\u00f3 este domingo su preocupaci\u00f3n por los enfrentamientos en la ciudad colombiana de Cali, que dejaron m\u00e1s de una decena de muertos, y pidi\u00f3 di\u00e1logo y una investigaci\u00f3n independiente.<\/p>\n<p>\u00abEs esencial que todas las personas que presuntamente causaron lesiones o muerte, incluidos funcionarios del Estado, est\u00e9n sujetas a\u00a0investigaciones r\u00e1pidas, efectivas, independientes, imparciales y transparentes, y que los responsables respondan ante la ley\u00bb, dijo Bachelet en un comunicado, report\u00f3 la agencia de noticias AFP.<\/p>\n<p>Cali, con unos 2,2 millones de habitantes, es epicentro de violentas protestas y bloqueos de v\u00edas que tiene a Colombia en crisis desde hace m\u00e1s de un mes.<\/p>\n<p>Arrinconado por las protestas, el presidente colombiano, Iv\u00e1n Duque, despleg\u00f3 el Ej\u00e9rcito primero en Cali bajo la figura de asistencia militar que permite a los soldados apoyar a la polic\u00eda en las tareas de vigilancia, y anoche\u00a0hizo extensiva esa medidas a 8 de los 32 departamentos del pa\u00eds y otras 12 ciudades, lo que representa una militarizaci\u00f3n de hecho de esas regiones.<\/p>\n<p>Si bien\u00a0el s\u00e1bado se informaron oficialmente seis nuevos muertos en los enfrentamientos,\u00a0este domingo el secretario de Seguridad de Cali, Carlos Alberto Rojas, confirm\u00f3 a Caracol Radio que\u00a0la cifra se elev\u00f3 a 13 personas, tal como hab\u00eda anticipado el alcalde de esa ciudad, Jorge Iv\u00e1n Ospina.<\/p>\n<p>Tres de estos muertos se registraron cuando un funcionario de la fiscal\u00eda mat\u00f3 con su arma a dos manifestantes que bloqueaban una ruta, a ra\u00edz de lo cual una turba se abalanz\u00f3 sobre el hombre &#8211;que estaba fuera de servicio&#8211; y lo linch\u00f3.<\/p>\n<p>\u00abPido que se ponga fin a todas las formas de violencia, incluyendo el vandalismo, y que todas las partes sigan hablando, para que se garantice el respeto por la vida y la dignidad de todas las personas\u00bb\u00a0MICHELLE BACHELET<\/p>\n<p>La Alta Comisionada indic\u00f3 que su oficina recibi\u00f3 informaciones sobre individuos armados, incluido el oficial fuera de servicio, que habr\u00edan disparado en direcci\u00f3n a los manifestantes, periodistas y transe\u00fantes, as\u00ed como sobre la muerte de dicho funcionario.<\/p>\n<p>\u00abPido que se ponga fin a todas las formas de violencia, incluyendo el vandalismo, y que todas las partes sigan hablando, para que se garantice el respeto por la vida y la dignidad de todas las personas\u00bb, indic\u00f3 la expresidenta chilena.<\/p>\n<p>Bachelet llam\u00f3 as\u00ed al di\u00e1logo para resolver las demandas de los manifestantes y de los que se oponen a las protestas y celebr\u00f3 \u00abel compromiso expresado por varios actores, en Cali y a nivel nacional, de encontrar una soluci\u00f3n negociada y pac\u00edfica\u00bb.<\/p>\n<p>La Oficina del Alto Comisionado de la ONU para los Derechos Humanos en Colombia\u00a0indic\u00f3 haber recibido informaci\u00f3n de al menos 30 personas detenidas el 28 de mayo. Bachelet urgi\u00f3 as\u00ed a garantizar \u00abun juicio justo\u00bb y a prevenir las desapariciones.<\/p>\n<p>Desde el 28 de abril a diario se movilizan multitudes para protestar contra el gobierno por los abusos policiales y el manejo de la crisis econ\u00f3mica que trajo la pandemia.<\/p>\n<h6>Fuente: Telam<\/h6>\n","protected":false},"excerpt":{"rendered":"<p>La ciudad colombiana, con unos 2,2 millones de habitantes, es epicentro de violentas protestas y bloqueos de v\u00edas que tienen al pa\u00eds en crisis desde hace m\u00e1s de un mes.<\/p>\n","protected":false},"author":2,"featured_media":114937,"comment_status":"closed","ping_status":"closed","sticky":false,"template":"","format":"standard","meta":{"footnotes":""},"categories":[22],"tags":[57],"class_list":["post-114936","post","type-post","status-publish","format-standard","has-post-thumbnail","hentry","category-el-mundo","tag-el-mundo"],"_links":{"self":[{"href":"http:\/\/argentinamunicipal.com.ar\/argentina\/wp-json\/wp\/v2\/posts\/114936","targetHints":{"allow":["GET"]}}],"collection":[{"href":"http:\/\/argentinamunicipal.com.ar\/argentina\/wp-json\/wp\/v2\/posts"}],"about":[{"href":"http:\/\/argentinamunicipal.com.ar\/argentina\/wp-json\/wp\/v2\/types\/post"}],"author":[{"embeddable":true,"href":"http:\/\/argentinamunicipal.com.ar\/argentina\/wp-json\/wp\/v2\/users\/2"}],"replies":[{"embeddable":true,"href":"http:\/\/argentinamunicipal.com.ar\/argentina\/wp-json\/wp\/v2\/comments?post=114936"}],"version-history":[{"count":0,"href":"http:\/\/argentinamunicipal.com.ar\/argentina\/wp-json\/wp\/v2\/posts\/114936\/revisions"}],"wp:featuredmedia":[{"embeddable":true,"href":"http:\/\/argentinamunicipal.com.ar\/argentina\/wp-json\/wp\/v2\/media\/114937"}],"wp:attachment":[{"href":"http:\/\/argentinamunicipal.com.ar\/argentina\/wp-json\/wp\/v2\/media?parent=114936"}],"wp:term":[{"taxonomy":"category","embeddable":true,"href":"http:\/\/argentinamunicipal.com.ar\/argentina\/wp-json\/wp\/v2\/categories?post=114936"},{"taxonomy":"post_tag","embeddable":true,"href":"http:\/\/argentinamunicipal.com.ar\/argentina\/wp-json\/wp\/v2\/tags?post=114936"}],"curies":[{"name":"wp","href":"https:\/\/api.w.org\/{rel}","templated":true}]}}