{"id":114959,"date":"2021-05-31T05:04:06","date_gmt":"2021-05-31T08:04:06","guid":{"rendered":"http:\/\/argentinamunicipal.com.ar\/argentina\/?p=114959"},"modified":"2021-05-30T20:06:04","modified_gmt":"2021-05-30T23:06:04","slug":"en-barrios-de-la-ciudad-de-santa-fe-entregaron-mas-de-11-000-modulos-alimentarios-a-familias","status":"publish","type":"post","link":"http:\/\/argentinamunicipal.com.ar\/argentina\/en-barrios-de-la-ciudad-de-santa-fe-entregaron-mas-de-11-000-modulos-alimentarios-a-familias\/","title":{"rendered":"En barrios de la ciudad de Santa Fe entregaron m\u00e1s de 11.000 m\u00f3dulos alimentarios a familias"},"content":{"rendered":"<p>En el mes de mayo, con la participaci\u00f3n de organizaciones de barrios de la ciudad, voluntarios y trabajadores del Ministerio de Desarrollo Social<\/p>\n<p>El gobierno provincial, a trav\u00e9s del Ministerio de Desarrollo Social, contin\u00faa con operativos de entrega de m\u00f3dulos alimentarios en barrios de la ciudad de Rosario y Santa Fe en el marco de la pandemia por Covid-19.<br \/>\nDurante el mes de mayo,\u00a0en la ciudad de Rosario se realizaron 14.879 entregas puerta a puerta, mientras que, en la ciudad de Santa Fe, se hizo lo propio llegando a 11.083 n\u00facleos familiares con la misma modalidad de distribuci\u00f3n.<\/p>\n<p>En tanto, en las localidades del interior el dispositivo se lleva adelante a trav\u00e9s los programas de Refuerzo Alimentario, RAE, y Programa social nutricional, Prosonut, a trav\u00e9s de convenios con los municipios y comunas, sumando la participaci\u00f3n de las instituciones y autoridades de cada distrito.<\/p>\n<p>En ese marco, el ministro de Desarrollo Social, Danilo Capitani, indic\u00f3: \u201cLa pol\u00edtica de\u00a0llegar con alimentos a las\u00a0familias\u00a0m\u00e1s vulnerables\u00a0es una decisi\u00f3n del gobernador Omar Perotti\u00bb y agreg\u00f3: \u00abA la compleja situaci\u00f3n social que ten\u00edamos cuando asumimos se le sum\u00f3 la pandemia y hubo barrios enteros que tuvieron que ser aislados y posiblemente este a\u00f1o suceda lo mismo con la segunda ola; ah\u00ed hay que actuar r\u00e1pidamente\u00bb.<\/p>\n<p>Adem\u00e1s, consider\u00f3 que \u00aben las ciudades m\u00e1s pobladas se nota una mayor vulnerabilidad social, pero en toda la provincia hay situaciones complejas, por lo que estamos trabajando mano a mano con los municipios y comunas para acudir a la gente\u00bb.<\/p>\n<p>Por su parte, el secretario de Pol\u00edticas de Inclusi\u00f3n y Desarrollo Territorial, Fernando Mazziotta, expres\u00f3: \u201cLa emergencia sanitaria por Covid 19 profundiz\u00f3 las desigualdades sociales por lo que estamos trabajando fuertemente para garantizar la nutrici\u00f3n de los sectores m\u00e1s vulnerables\u00bb.<\/p>\n<p>Y agreg\u00f3: \u201cEn la ciudad de Rosario junto a organizaciones sociales, la Municipalidad, instituciones intermedias y las iglesias, estamos trabajando en la decisi\u00f3n de acompa\u00f1ar a las familias que no llegan a fin de mes, que no tiene la posibilidad de poner un plato de comida en la mesa\u201d. Adem\u00e1s, estamos haciendo un relevamiento integral sanitario con un registro de los integrantes del grupo conviviente.\u201d<\/p>\n<p>Por su parte, el secretario de Pr\u00e1cticas Sociocomunitarias, Ignacio Mart\u00ednez Kerz, expres\u00f3: \u201cEn la ciudad de Santa Fe estamos repitiendo la experiencia del a\u00f1o pasado para llegar a todas las familias que hoy necesitan la asistencia de un Estado presente\u00bb.<\/p>\n<p>Y concluy\u00f3: \u201cEstamos desplegando un trabajo coordinando con el municipio, el Ej\u00e9rcito, y las organizaciones sociales en los barrios, las vecinales, las iglesias, y nuestros Centros de Acci\u00f3n Familiar, articulando fuertemente\u201d.<\/p>\n<p>Puerta a puerta<br \/>\nLos operativos tienen por objetivo garantizar la presencia del Estado en los barrios m\u00e1s vulnerables a partir de la intervenci\u00f3n territorial llevada a cabo a trav\u00e9s de los operativos de asistencia directa a los vecinos.<\/p>\n<p>Cabe destacar que, en 2020, el operativo \u00abPuerta a puerta\u00bb, lleg\u00f3 a m\u00e1s de 150.000 familias, en 190 barrios de las ciudades de Rosario y Santa Fe.<\/p>\n<p>De los operativos participan el director Provincial de Desarrollo Territorial Rosario, Camilo Scaglia, y de Econom\u00eda Solidaria, Daniel R\u00edos.<\/p>\n<h6>Fuente: Uno<\/h6>\n","protected":false},"excerpt":{"rendered":"<p>En el mes de mayo, con la participaci\u00f3n de organizaciones de barrios de la ciudad, voluntarios y trabajadores del Ministerio de Desarrollo Social<\/p>\n","protected":false},"author":2,"featured_media":114960,"comment_status":"closed","ping_status":"closed","sticky":false,"template":"","format":"standard","meta":{"footnotes":""},"categories":[2],"tags":[10],"class_list":["post-114959","post","type-post","status-publish","format-standard","has-post-thumbnail","hentry","category-informe-municipal","tag-santa-fe"],"_links":{"self":[{"href":"http:\/\/argentinamunicipal.com.ar\/argentina\/wp-json\/wp\/v2\/posts\/114959","targetHints":{"allow":["GET"]}}],"collection":[{"href":"http:\/\/argentinamunicipal.com.ar\/argentina\/wp-json\/wp\/v2\/posts"}],"about":[{"href":"http:\/\/argentinamunicipal.com.ar\/argentina\/wp-json\/wp\/v2\/types\/post"}],"author":[{"embeddable":true,"href":"http:\/\/argentinamunicipal.com.ar\/argentina\/wp-json\/wp\/v2\/users\/2"}],"replies":[{"embeddable":true,"href":"http:\/\/argentinamunicipal.com.ar\/argentina\/wp-json\/wp\/v2\/comments?post=114959"}],"version-history":[{"count":0,"href":"http:\/\/argentinamunicipal.com.ar\/argentina\/wp-json\/wp\/v2\/posts\/114959\/revisions"}],"wp:featuredmedia":[{"embeddable":true,"href":"http:\/\/argentinamunicipal.com.ar\/argentina\/wp-json\/wp\/v2\/media\/114960"}],"wp:attachment":[{"href":"http:\/\/argentinamunicipal.com.ar\/argentina\/wp-json\/wp\/v2\/media?parent=114959"}],"wp:term":[{"taxonomy":"category","embeddable":true,"href":"http:\/\/argentinamunicipal.com.ar\/argentina\/wp-json\/wp\/v2\/categories?post=114959"},{"taxonomy":"post_tag","embeddable":true,"href":"http:\/\/argentinamunicipal.com.ar\/argentina\/wp-json\/wp\/v2\/tags?post=114959"}],"curies":[{"name":"wp","href":"https:\/\/api.w.org\/{rel}","templated":true}]}}