{"id":11508,"date":"2014-07-14T08:44:26","date_gmt":"2014-07-14T11:44:26","guid":{"rendered":"http:\/\/argentinamunicipal.com.ar\/argentina\/?p=11508"},"modified":"2014-07-14T08:44:26","modified_gmt":"2014-07-14T11:44:26","slug":"brasil-comienza-la-cumbre-de-los-brics","status":"publish","type":"post","link":"http:\/\/argentinamunicipal.com.ar\/argentina\/brasil-comienza-la-cumbre-de-los-brics\/","title":{"rendered":"Brasil: Comienza la cumbre de los BRICS"},"content":{"rendered":"<p><a href=\"http:\/\/argentinamunicipal.com.ar\/argentina\/wp-content\/uploads\/2014\/07\/538649c29b1d1_800x533.jpg\"><img loading=\"lazy\" decoding=\"async\" class=\"aligncenter size-full wp-image-11509\" src=\"http:\/\/argentinamunicipal.com.ar\/argentina\/wp-content\/uploads\/2014\/07\/538649c29b1d1_800x533.jpg\" alt=\"538649c29b1d1_800x533\" width=\"800\" height=\"533\" srcset=\"http:\/\/argentinamunicipal.com.ar\/argentina\/wp-content\/uploads\/2014\/07\/538649c29b1d1_800x533.jpg 800w, http:\/\/argentinamunicipal.com.ar\/argentina\/wp-content\/uploads\/2014\/07\/538649c29b1d1_800x533-300x199.jpg 300w\" sizes=\"auto, (max-width: 800px) 100vw, 800px\" \/><\/a><br \/>\nEl mi\u00e9rcoles compartir\u00e1n una reuni\u00f3n ampliada con sus pares de UNASUR, donde estar\u00e1 la presidenta Cristina Fern\u00e1ndez.<\/p>\n<p>Los pa\u00edses pertenecientes al bloque denominado BRICS dar\u00e1n comienzo hoy a su sexta cumbre, en la ciudad brasile\u00f1a de Fortaleza, donde terminar\u00e1n de cerrar los acuerdos para la creaci\u00f3n de un Banco de Desarrollo y un fondo de contingencia, que tendr\u00e1n reservas por unos 200.000 millones de d\u00f3lares.<\/p>\n<p>Los ministros de Econom\u00eda y presidentes de bancos centrales de Brasil, Rusia, India, China y Sud\u00e1frica dar\u00e1n el puntapi\u00e9 inicial al encuentro, que tendr\u00e1 en forma paralela un foro empresarial de los cinco pa\u00edses.<\/p>\n<p>Ma\u00f1ana martes ser\u00e1 el turno de los jefes de Estado de los BRICS, que mantendr\u00e1n un encuentro cerrado, donde pondr\u00e1n el eje de discusi\u00f3n en el desarrollo con inclusi\u00f3n social, y el mi\u00e9rcoles compartir\u00e1n en Brasilia una reuni\u00f3n ampliada con sus pares de la Uni\u00f3n Suramericana de Naciones (UNASUR), donde estar\u00e1 la presidenta Cristina Fern\u00e1ndez de Kirchner.<\/p>\n<p>El Banco de Desarrollo estar\u00e1 destinado a financiar proyectos de infraestructura y de sustentabilidad, no solo en los BRICS sino tambi\u00e9n en pa\u00edses en desarrollo.<\/p>\n<p>Adem\u00e1s se conformar\u00e1 un fondo de reserva para ayudar a los pa\u00edses del bloque, en caso de dificultades con sus balanzas de pago.<\/p>\n<p>La firma de los acuerdos que crear\u00e1n el Banco de Desarrollo y el Fondo Contingente de Reservas ser\u00e1n las dos principales cuestiones a discutir en esta cumbre.<\/p>\n<p>Ambas instituciones tendr\u00e1n funciones semejantes a las del Banco Mundial y el Fondo Monetario Internacional (FMI).<\/p>\n<p>El Banco de Desarrollo tendr\u00e1 un capital de 100.000 millones de d\u00f3lares.<\/p>\n<p>La sede del Banco se definir\u00e1 entre las ciudades de Shangai (China), Johanesburgo (Sud\u00e1frica), Nueva Delhi (India) y Mosc\u00fa (Rusia).<\/p>\n<p>Por su parte, el Fondo Contingente de Reservas tendr\u00e1 un monto inicial de 100.000 millones de d\u00f3lares, y constituir\u00e1 una l\u00ednea de defensa adicional para los BRICS, ante un eventual escenario de dificultades en sus balanzas de pagos.<\/p>\n<p>Brasil asumir\u00e1 la presidencia pro tempore de los BRICS, y liderar\u00e1 la implementaci\u00f3n del plan de acci\u00f3n a ser aprobado en Fortaleza que incorporar\u00e1 varias pol\u00edticas sectoriales y ser\u00e1n desarrolladas hasta la pr\u00f3xima reuni\u00f3n, que tendr\u00e1 lugar en Rusia.<\/p>\n<h6>Fuente: El Zonda<\/h6>\n","protected":false},"excerpt":{"rendered":"<p>El mi\u00e9rcoles compartir\u00e1n una reuni\u00f3n ampliada con sus pares de UNASUR, donde estar\u00e1 la presidenta Cristina Fern\u00e1ndez. Los pa\u00edses pertenecientes al bloque denominado BRICS dar\u00e1n comienzo hoy a su sexta cumbre, en la ciudad brasile\u00f1a de Fortaleza, donde terminar\u00e1n de cerrar los acuerdos para la creaci\u00f3n de un Banco de Desarrollo y un fondo de<\/p>\n","protected":false},"author":2,"featured_media":11509,"comment_status":"closed","ping_status":"closed","sticky":false,"template":"","format":"standard","meta":{"footnotes":""},"categories":[22],"tags":[57],"class_list":["post-11508","post","type-post","status-publish","format-standard","has-post-thumbnail","hentry","category-el-mundo","tag-el-mundo"],"_links":{"self":[{"href":"http:\/\/argentinamunicipal.com.ar\/argentina\/wp-json\/wp\/v2\/posts\/11508","targetHints":{"allow":["GET"]}}],"collection":[{"href":"http:\/\/argentinamunicipal.com.ar\/argentina\/wp-json\/wp\/v2\/posts"}],"about":[{"href":"http:\/\/argentinamunicipal.com.ar\/argentina\/wp-json\/wp\/v2\/types\/post"}],"author":[{"embeddable":true,"href":"http:\/\/argentinamunicipal.com.ar\/argentina\/wp-json\/wp\/v2\/users\/2"}],"replies":[{"embeddable":true,"href":"http:\/\/argentinamunicipal.com.ar\/argentina\/wp-json\/wp\/v2\/comments?post=11508"}],"version-history":[{"count":0,"href":"http:\/\/argentinamunicipal.com.ar\/argentina\/wp-json\/wp\/v2\/posts\/11508\/revisions"}],"wp:featuredmedia":[{"embeddable":true,"href":"http:\/\/argentinamunicipal.com.ar\/argentina\/wp-json\/wp\/v2\/media\/11509"}],"wp:attachment":[{"href":"http:\/\/argentinamunicipal.com.ar\/argentina\/wp-json\/wp\/v2\/media?parent=11508"}],"wp:term":[{"taxonomy":"category","embeddable":true,"href":"http:\/\/argentinamunicipal.com.ar\/argentina\/wp-json\/wp\/v2\/categories?post=11508"},{"taxonomy":"post_tag","embeddable":true,"href":"http:\/\/argentinamunicipal.com.ar\/argentina\/wp-json\/wp\/v2\/tags?post=11508"}],"curies":[{"name":"wp","href":"https:\/\/api.w.org\/{rel}","templated":true}]}}