{"id":115080,"date":"2021-06-02T04:04:13","date_gmt":"2021-06-02T07:04:13","guid":{"rendered":"http:\/\/argentinamunicipal.com.ar\/argentina\/?p=115080"},"modified":"2021-06-01T20:07:09","modified_gmt":"2021-06-01T23:07:09","slug":"una-buena-las-quemas-de-pastizales-en-santa-fe-disminuyeron-un-65-de-un-ano-al-otro","status":"publish","type":"post","link":"http:\/\/argentinamunicipal.com.ar\/argentina\/una-buena-las-quemas-de-pastizales-en-santa-fe-disminuyeron-un-65-de-un-ano-al-otro\/","title":{"rendered":"Una buena: las quemas de pastizales en Santa Fe disminuyeron un 65% de un a\u00f1o al otro"},"content":{"rendered":"<p>En los primeros cinco meses del 2021 la Agrupaci\u00f3n Bomberos Zapadores de Santa Fe intervino en 238 focos \u00edgneos, ocurridos en el \u00e1rea metropolitana santafesina. A esta altura, en 2020 se hab\u00edan contado 680 incendios, con similares condiciones ambientales. Desde el cuerpo de bomberos valoran que la sociedad tom\u00f3 conciencia.<\/p>\n<p>El 2020 fue un a\u00f1o que no solo ser\u00e1 recordado por el inicio de la pandemia del coronavirus, sino que tambi\u00e9n quedar\u00e1 marcado por el r\u00e9cord de incendios de pastizales que ocurrieron en la regi\u00f3n litoral, sobre todo en la zona del Delta del r\u00edo Paran\u00e1.<\/p>\n<p>Pero \u00bfqu\u00e9 sucedi\u00f3 en lo que va de este a\u00f1o con esta problem\u00e1tica, respecto a la comparaci\u00f3n interanual? En los primeros cinco meses del a\u00f1o pasado, los bomberos agrupados en cuatro cuarteles y una estaci\u00f3n (el cuartel de Santa Fe (9 de Julio y Primera Junta); el del norte, que est\u00e1 detr\u00e1s del hospital psiqui\u00e1trico, por Avenida Gorriti; el de Santo Tom\u00e9; el de Rinc\u00f3n, y la estaci\u00f3n del T\u00fanel Subfluvial), debieron intervenir en 680 focos \u00edgneos, siendo marzo el mes m\u00e1s cr\u00edtico con 256.<\/p>\n<p>En este sentido, si se tienen en cuenta los meses de enero a mayo del 2021, las cifras de quemas se redujeron de manera significativa. En enero se registraron 131; febrero 35; marzo 33; abril 13; y mayo 26. Es decir que el total de incendios de pastizales a los que acudieron los bomberos fueron: 238, un 65% menos de incendios respecto a los primeros meses del 2020.<\/p>\n<p>Si nos remontamos a dos a\u00f1os atr\u00e1s y comparamos la actual temporada, tambi\u00e9n se redujo la cantidad de focos, ya que en los primeros meses del 2019 se generaron 254 incendios en el \u00e1rea metropolitana de Santa Fe.<\/p>\n<p><strong>Mayor conciencia<\/strong><br \/>\nEl Crio. Inspector Ariel Blanc, subjefe de la Agrupaci\u00f3n Bomberos Zapadores de Santa Fe, dio detalles de lo que sucedi\u00f3 en el \u00faltimo tiempo con las intervenciones del cuerpo ante incendios de pastizales. \u00abSe redujeron las quemas de pastizales y mermaron much\u00edsimo las intervenciones\u00bb, destac\u00f3 Blanc y valor\u00f3: \u00abHay un poco m\u00e1s de conciencia\u00bb.<\/p>\n<p>Algunas de las \u00e1reas caracterizadas por la presencia de fuego son: la Circunvalaci\u00f3n Oeste; la zona del Puente Carretero; el barrio El Pozo y sus alrededores; el cord\u00f3n Norte de la ciudad (franja verde entre General Paz y El Chaquito), y los terrenos cercanos al Mercado de Abasto; tambi\u00e9n se ocasionan en Santo Tom\u00e9 entre la Autopista y la Ruta 19; lo mismo pasa en San Jos\u00e9 del Rinc\u00f3n y a la vera de la Ruta 168, camino a Paran\u00e1.<\/p>\n<p>Frente a esta \u00abconcientizaci\u00f3n social\u00bb del grave da\u00f1o ecol\u00f3gico que ocasionan las quemas, el humo casi es imperceptible en estas zonas mencionadas. Y toma mayor fuerza esta baja en la intencionalidad teniendo en cuenta que entre el 2020 y el 2021 las condiciones clim\u00e1ticas son, hasta el momento muy similares: con una importante bajante del r\u00edo que genera sequedad en la biomasa y lluvias que si bien fueron superiores a las del 2020, no alcanzaron a ser parejas para lograr humedad en superficie.<\/p>\n<p>\u00abSabemos y tenemos en cuenta que esta situaci\u00f3n puede cambiar de un d\u00eda para el otro. La \u00e9poca invernal est\u00e1 avanzada, la sequ\u00eda tambi\u00e9n avanza y estamos atentos a esa situaci\u00f3n. Esperemos que no se incrementen los hechos de pastizales\u00bb, concluy\u00f3 el Crio. Inspector Blanc.<\/p>\n<p><strong>Otras intervenciones<\/strong><br \/>\nLa Agrupaci\u00f3n de Bomberos Zapadores adem\u00e1s de acudir a los llamados de los vecinos por incendios en zonas de pastizales, tiene una tarea ardua en otras situaciones de incendios. El subjefe mencion\u00f3 que en lo que va del 2021 intervinieron en siniestros de rodados: 22 en enero; 18 en febrero; 19 en marzo; 13 en abril; y 13 tambi\u00e9n en mayo.<\/p>\n<p>\u00abEn cuanto a los incendios estructurales (casas, departamentos, f\u00e1bricas, etc) tuvimos 32 en enero; 29 en febrero; marzo 18; abril 21; y en mayo intervenimos en 22 hechos\u00bb, enumer\u00f3 Blanc.<\/p>\n<p>Sobre los hogares familiares y la llegada del invierno, el bombero coment\u00f3 que en esa \u00e9poca \u00abse incrementan los incendios en viviendas precarias y semi-precarias por el uso de artilugios para la calefacci\u00f3n de los inmuebles, que al no estar regulados son m\u00e1s proclives y poseen un riesgo m\u00e1s elevado de generar un incendio\u00bb. En esta l\u00ednea se\u00f1al\u00f3 que \u00abeste a\u00f1o no tenemos un alto \u00edndice, producto de que por el momento las temperaturas no son tan bajas y no se necesita la calefacci\u00f3n de forma cotidiana\u00bb.<\/p>\n<h6>Fuente: El Litoral<\/h6>\n","protected":false},"excerpt":{"rendered":"<p>En los primeros cinco meses del 2021 la Agrupaci\u00f3n Bomberos Zapadores de Santa Fe intervino en 238 focos \u00edgneos, ocurridos en el \u00e1rea metropolitana santafesina. A esta altura, en 2020 se hab\u00edan contado 680 incendios<\/p>\n","protected":false},"author":2,"featured_media":115081,"comment_status":"closed","ping_status":"closed","sticky":false,"template":"","format":"standard","meta":{"footnotes":""},"categories":[2],"tags":[10],"class_list":["post-115080","post","type-post","status-publish","format-standard","has-post-thumbnail","hentry","category-informe-municipal","tag-santa-fe"],"_links":{"self":[{"href":"http:\/\/argentinamunicipal.com.ar\/argentina\/wp-json\/wp\/v2\/posts\/115080","targetHints":{"allow":["GET"]}}],"collection":[{"href":"http:\/\/argentinamunicipal.com.ar\/argentina\/wp-json\/wp\/v2\/posts"}],"about":[{"href":"http:\/\/argentinamunicipal.com.ar\/argentina\/wp-json\/wp\/v2\/types\/post"}],"author":[{"embeddable":true,"href":"http:\/\/argentinamunicipal.com.ar\/argentina\/wp-json\/wp\/v2\/users\/2"}],"replies":[{"embeddable":true,"href":"http:\/\/argentinamunicipal.com.ar\/argentina\/wp-json\/wp\/v2\/comments?post=115080"}],"version-history":[{"count":0,"href":"http:\/\/argentinamunicipal.com.ar\/argentina\/wp-json\/wp\/v2\/posts\/115080\/revisions"}],"wp:featuredmedia":[{"embeddable":true,"href":"http:\/\/argentinamunicipal.com.ar\/argentina\/wp-json\/wp\/v2\/media\/115081"}],"wp:attachment":[{"href":"http:\/\/argentinamunicipal.com.ar\/argentina\/wp-json\/wp\/v2\/media?parent=115080"}],"wp:term":[{"taxonomy":"category","embeddable":true,"href":"http:\/\/argentinamunicipal.com.ar\/argentina\/wp-json\/wp\/v2\/categories?post=115080"},{"taxonomy":"post_tag","embeddable":true,"href":"http:\/\/argentinamunicipal.com.ar\/argentina\/wp-json\/wp\/v2\/tags?post=115080"}],"curies":[{"name":"wp","href":"https:\/\/api.w.org\/{rel}","templated":true}]}}