{"id":115923,"date":"2021-06-25T14:03:30","date_gmt":"2021-06-25T17:03:30","guid":{"rendered":"http:\/\/argentinamunicipal.com.ar\/argentina\/?p=115923"},"modified":"2021-06-28T07:16:45","modified_gmt":"2021-06-28T10:16:45","slug":"municipales-de-santa-fe-reclaman-importante-deuda-salarial","status":"publish","type":"post","link":"http:\/\/argentinamunicipal.com.ar\/argentina\/municipales-de-santa-fe-reclaman-importante-deuda-salarial\/","title":{"rendered":"Municipales de Santa Fe reclaman importante deuda salarial"},"content":{"rendered":"<p>Por los acuerdos de ASOEM se abonaron salarios muy inferiores a la paritaria provincial.<\/p>\n<p>Nuevamente los trabajadores y trabajadoras de la Municipalidad de Santa Fe tienen que recurrir a iniciar reclamos administrativos previos a la acci\u00f3n judicial correspondiente. Esta situaci\u00f3n, pone en evidencia que los acuerdos locales realizados por la dirigencia de ASOEM y la autoridades municipales, han significado una p\u00e9rdida salarial para los trabajadores municipales de la ciudad de Santa Fe, hecho que adem\u00e1s perjudic\u00f3 notoriamente a jubilados y pensionados de esa jurisdicci\u00f3n.<\/p>\n<p>Ya en fecha 4 de Noviembre de 2019 la presentaci\u00f3n de los reclamos administrativos (Exp: DE: 986-9) promovidos por un importante n\u00famero de agentes municipales, oblig\u00f3 a la Administraci\u00f3n a reintegrar deudas generadas por maniobras y acuerdos fraudulentos, en el pago y liquidaci\u00f3n de los montos correspondientes a la cl\u00e1usula gatillo de 2018. La forma de pago, reduc\u00eda notoriamente lo dispuesto por la Paritaria Provincial, y se efectiviz\u00f3 en forma parcial a valores hist\u00f3ricos y con cifras en negro -lo que perjudic\u00f3 notoriamente a jubilados y pensionados- en los meses de Febrero y Marzo de 2019, con una inflaci\u00f3n cercana al 50%. Similar situaci\u00f3n se gener\u00f3 con la cl\u00e1usula gatillo 2019 la cual se cancel\u00f3 en agosto del 2020 con un atraso de m\u00e1s de 8 meses a valores hist\u00f3ricos, con un impacto negativo \u00a0sobre el \u00a0poder adquisitivo de los trabajadores y trabajadoras, dada la gran inflaci\u00f3n de ese a\u00f1o.<\/p>\n<p>El nuevo reclamo administrativo presentado ahora, en concepto de deudas salariales, incluye, tambi\u00e9n, la diferencia entre las escalas salariales, publicadas por paritaria provincial con las abonadas efectivamente por la Municipalidad de Santa Fe.<\/p>\n<p>Los reclamantes expresan en el expediente iniciado en marzo de este mes: \u201cComo resulta evidente y acreditado, el Municipio contrariando lo ya obrado en fecha 9\/4\/2019 y acordado en la paritaria (Ley 9.996), a los pocos d\u00edas del acuerdo referido, suscribi\u00f3 un acta acuerdo con el gremio ASOEM por la que pretende dar fuerza de ley a un \u201cacuerdo local\u201d con el citado gremio y por el que defini\u00f3 una pol\u00edtica salarial distinta para los trabajadores de la Municipalidad de la ciudad de Santa Fe. Tal acuerdo resulta en t\u00e9rminos salariales, notoriamente inferior al acta paritaria provincial, haciendo surgir diferencias salariales que por la presente se reclaman. No se puede dejar pasar que el \u201cacuerdo celebrado entre la MSF y ASOEM SANTA FE no s\u00f3lo viola el acuerdo paritario y por ello la Ley 9.996 sino lo que es m\u00e1s grave a\u00fan violenta de manera flagrante la Ley 9.286; pero no termina all\u00ed la secuela de llevarse por delante los textos legales ya que tal acuerdo particular \u2013MSF ASOEM- tambi\u00e9n vulnera preceptos constitucionales tanto de la Carta Magna local como de la Constituci\u00f3n Nacional en cuanto ambas le dan intangibilidad al sueldo o salario del personal del sector p\u00fablico nacional, provincial y municipal.\u201d<\/p>\n<p>Para el caso analizado en los Reclamos Administrativos (que se acerca al promedio de la deuda que el municipio mantiene con cada agente, a instancias de ASOEM), el monto asciende a $ 34200, que aproximadamente significa un 75% de salario de bolsillo. Sobre estas estimaciones, la deuda salarial al conjunto del personal municipal de la ciudad de Santa Fe asciende a los 175 millones de pesos, monto negociado por la actual dirigencia de ASOEM. Los trabajadores afectados han iniciado en proceso del reclamo administrativo y avanzan en realizar un juicio por da\u00f1o a la actual directiva de ASOEM que facilit\u00f3 la abultada y vergonzosa reducci\u00f3n salarial a trav\u00e9s de acuerdos il\u00edcitos.<\/p>\n<h6>Fuente: eldepartamental.com<\/h6>\n","protected":false},"excerpt":{"rendered":"<p>Por los acuerdos de ASOEM se abonaron salarios muy inferiores a la paritaria provincial.<\/p>\n","protected":false},"author":2,"featured_media":115962,"comment_status":"closed","ping_status":"closed","sticky":false,"template":"","format":"standard","meta":{"footnotes":""},"categories":[7],"tags":[10],"class_list":["post-115923","post","type-post","status-publish","format-standard","has-post-thumbnail","hentry","category-informe-sindical","tag-santa-fe"],"_links":{"self":[{"href":"http:\/\/argentinamunicipal.com.ar\/argentina\/wp-json\/wp\/v2\/posts\/115923","targetHints":{"allow":["GET"]}}],"collection":[{"href":"http:\/\/argentinamunicipal.com.ar\/argentina\/wp-json\/wp\/v2\/posts"}],"about":[{"href":"http:\/\/argentinamunicipal.com.ar\/argentina\/wp-json\/wp\/v2\/types\/post"}],"author":[{"embeddable":true,"href":"http:\/\/argentinamunicipal.com.ar\/argentina\/wp-json\/wp\/v2\/users\/2"}],"replies":[{"embeddable":true,"href":"http:\/\/argentinamunicipal.com.ar\/argentina\/wp-json\/wp\/v2\/comments?post=115923"}],"version-history":[{"count":0,"href":"http:\/\/argentinamunicipal.com.ar\/argentina\/wp-json\/wp\/v2\/posts\/115923\/revisions"}],"wp:featuredmedia":[{"embeddable":true,"href":"http:\/\/argentinamunicipal.com.ar\/argentina\/wp-json\/wp\/v2\/media\/115962"}],"wp:attachment":[{"href":"http:\/\/argentinamunicipal.com.ar\/argentina\/wp-json\/wp\/v2\/media?parent=115923"}],"wp:term":[{"taxonomy":"category","embeddable":true,"href":"http:\/\/argentinamunicipal.com.ar\/argentina\/wp-json\/wp\/v2\/categories?post=115923"},{"taxonomy":"post_tag","embeddable":true,"href":"http:\/\/argentinamunicipal.com.ar\/argentina\/wp-json\/wp\/v2\/tags?post=115923"}],"curies":[{"name":"wp","href":"https:\/\/api.w.org\/{rel}","templated":true}]}}